{"id":1870,"date":"2014-05-20T14:59:22","date_gmt":"2014-05-20T14:59:22","guid":{"rendered":"\/ccbsa\/?p=1870"},"modified":"2014-05-20T16:39:16","modified_gmt":"2014-05-20T16:39:16","slug":"projeto-de-extensao-do-ccbsa-realizara-capacitacao-em-coeta-seletiva-voltada-a-servidores-do-tre-pb","status":"publish","type":"post","link":"https:\/\/centros.uepb.edu.br\/ccbsa\/projeto-de-extensao-do-ccbsa-realizara-capacitacao-em-coeta-seletiva-voltada-a-servidores-do-tre-pb\/","title":{"rendered":"Projeto de extens\u00e3o do CCBSA realizar\u00e1 capacita\u00e7\u00e3o em coleta seletiva voltada a servidores do TRE-PB"},"content":{"rendered":"<p>O projeto de extens\u00e3o \u201cMobiliza\u00e7\u00e3o, inclus\u00e3o e forma\u00e7\u00e3o de catadores\/as de materiais recicl\u00e1veis da cidade de Jo\u00e3o Pessoa: uma experi\u00eancia necess\u00e1ria\u201d, vinculado ao Centro de Biol\u00f3gicas e Sociais Aplicadas da Universidade Estadual da Para\u00edba realizar\u00e1, nos dias 28 e 30 de maio, uma capacita\u00e7\u00e3o sobre coleta seletiva voltada aos servidores do Tribunal Regional Eleitoral da Para\u00edba (TRE-PB).<\/p>\n<p>A atividade ser\u00e1 conduzida pela coordenadora do projeto, professora F\u00e1tima Ara\u00fajo, bi\u00f3loga e assistente social com larga experi\u00eancia em educa\u00e7\u00e3o ambiental, gest\u00e3o de res\u00edduos s\u00f3lidos e organiza\u00e7\u00e3o de associa\u00e7\u00f5es e cooperativas de catadores de recicl\u00e1veis. O evento tamb\u00e9m ter\u00e1 a participa\u00e7\u00e3o de Egrinalda dos Santos, catadora e representante do Movimento Nacional de Catadores de Recicl\u00e1veis, na Para\u00edba.<\/p>\n<p>Durante o evento ser\u00e1 abordado por que, como, quando e para que fazer a coleta seletiva. A atividade contar\u00e1 com exibi\u00e7\u00e3o de v\u00eddeo, din\u00e2mica de identifica\u00e7\u00e3o e separa\u00e7\u00e3o de res\u00edduos, perguntas, debates e encaminhamentos. Haver\u00e1 tamb\u00e9m uma r\u00e1pida apresenta\u00e7\u00e3o do Decreto 5.940\/2006, que institui a coleta seletiva solid\u00e1ria nas institui\u00e7\u00f5es p\u00fablicas, e da Lei 12.305\/2010, que regulamenta a Pol\u00edtica Nacional de Res\u00edduos S\u00f3lidos.<\/p>\n<p>O projeto \u201cMobiliza\u00e7\u00e3o, inclus\u00e3o e forma\u00e7\u00e3o de catadores\/as de materiais recicl\u00e1veis da cidade de Jo\u00e3o Pessoa: uma experi\u00eancia necess\u00e1ria\u201d de autoria da professora F\u00e1tima Ara\u00fajo, \u00e9 fruto de um conv\u00eanio com o Minist\u00e9rio do Trabalho e Emprego, atrav\u00e9s da Secretaria Nacional de Economia Solid\u00e1ria, e est\u00e1 sendo desenvolvido at\u00e9 2015, beneficiando uma m\u00e9dia de 600 catadores da capital do Estado, com cursos de capacita\u00e7\u00e3o, aquisi\u00e7\u00e3o de material de trabalho, organiza\u00e7\u00e3o de cooperativas, realiza\u00e7\u00e3o de eventos, entre outras atividades.<\/p>\n","protected":false},"excerpt":{"rendered":"<p>O projeto de extens\u00e3o \u201cMobiliza\u00e7\u00e3o, inclus\u00e3o e forma\u00e7\u00e3o de catadores\/as de materiais recicl\u00e1veis da cidade de Jo\u00e3o Pessoa: uma experi\u00eancia necess\u00e1ria\u201d, vinculado ao Centro de Biol\u00f3gicas e Sociais Aplicadas da Universidade Estadual da Para\u00edba realizar\u00e1, nos dias 28 e 30 de maio, uma capacita\u00e7\u00e3o sobre coleta seletiva voltada aos servidores do Tribunal Regional Eleitoral da <a class=\"leiamais\" href=\"https:\/\/centros.uepb.edu.br\/ccbsa\/projeto-de-extensao-do-ccbsa-realizara-capacitacao-em-coeta-seletiva-voltada-a-servidores-do-tre-pb\/\">Leia Mais&#8230;<\/a><\/p>\n","protected":false},"author":8,"featured_media":0,"comment_status":"open","ping_status":"open","sticky":false,"template":"","format":"standard","meta":{"footnotes":""},"categories":[3,5],"tags":[],"class_list":["post-1870","post","type-post","status-publish","format-standard","hentry","category-noticias","category-visiveis"],"jetpack_featured_media_url":"","_links":{"self":[{"href":"https:\/\/centros.uepb.edu.br\/ccbsa\/wp-json\/wp\/v2\/posts\/1870","targetHints":{"allow":["GET"]}}],"collection":[{"href":"https:\/\/centros.uepb.edu.br\/ccbsa\/wp-json\/wp\/v2\/posts"}],"about":[{"href":"https:\/\/centros.uepb.edu.br\/ccbsa\/wp-json\/wp\/v2\/types\/post"}],"author":[{"embeddable":true,"href":"https:\/\/centros.uepb.edu.br\/ccbsa\/wp-json\/wp\/v2\/users\/8"}],"replies":[{"embeddable":true,"href":"https:\/\/centros.uepb.edu.br\/ccbsa\/wp-json\/wp\/v2\/comments?post=1870"}],"version-history":[{"count":0,"href":"https:\/\/centros.uepb.edu.br\/ccbsa\/wp-json\/wp\/v2\/posts\/1870\/revisions"}],"wp:attachment":[{"href":"https:\/\/centros.uepb.edu.br\/ccbsa\/wp-json\/wp\/v2\/media?parent=1870"}],"wp:term":[{"taxonomy":"category","embeddable":true,"href":"https:\/\/centros.uepb.edu.br\/ccbsa\/wp-json\/wp\/v2\/categories?post=1870"},{"taxonomy":"post_tag","embeddable":true,"href":"https:\/\/centros.uepb.edu.br\/ccbsa\/wp-json\/wp\/v2\/tags?post=1870"}],"curies":[{"name":"wp","href":"https:\/\/api.w.org\/{rel}","templated":true}]}}