{"id":1837,"date":"2014-05-13T14:49:22","date_gmt":"2014-05-13T14:49:22","guid":{"rendered":"\/ccbsa\/?p=1837"},"modified":"2014-05-13T14:49:22","modified_gmt":"2014-05-13T14:49:22","slug":"prograd-convoca-alunos-selecionados-no-programa-de-bolsa-monitoria-para-apresentacao-de-documentos","status":"publish","type":"post","link":"https:\/\/centros.uepb.edu.br\/ccbsa\/prograd-convoca-alunos-selecionados-no-programa-de-bolsa-monitoria-para-apresentacao-de-documentos\/","title":{"rendered":"PROGRAD convoca alunos selecionados no programa de Bolsa Monitoria para apresenta\u00e7\u00e3o de documentos"},"content":{"rendered":"<p style=\"text-align: justify\">A Pr\u00f3-Reitoria de Gradua\u00e7\u00e3o (PROGRAD) da Universidade Estadual da Para\u00edba (UEPB) convoca os alunos selecionados no programa de Bolsa Monitoria para comparecer para apresenta\u00e7\u00e3o da documenta\u00e7\u00e3o exigida e para assinatura do termo de compromisso nos seguintes locais :<\/p>\n<p style=\"text-align: justify\">Campina Grande: Pr\u00f3-Reitoria de Gradua\u00e7\u00e3o<\/p>\n<p style=\"text-align: justify\">Lagoa Seca: Pr\u00f3-Reitoria de Gradua\u00e7\u00e3o<\/p>\n<p style=\"text-align: justify\">Guarabira: Dire\u00e7\u00e3o do Centro de Humanidades<\/p>\n<p style=\"text-align: justify\">Catol\u00e9 do Rocha: Dire\u00e7\u00e3o do Centro de Ci\u00eancias Humanas e Agr\u00e1rias<\/p>\n<p style=\"text-align: justify\">Jo\u00e3o Pessoa: Dire\u00e7\u00e3o do Centro de Ci\u00eancias Biol\u00f3gicas d Sociais Aplicadas<\/p>\n<p style=\"text-align: justify\">Monteiro: Dire\u00e7\u00e3o do Centro de Ci\u00eancias Humanas e Exatas<\/p>\n<p style=\"text-align: justify\">Patos: Dire\u00e7\u00e3o do Centro de Ci\u00eancias Exatas e Sociais Aplicadas<\/p>\n<p style=\"text-align: justify\">Araruna: Dire\u00e7\u00e3o do Centro de Ci\u00eancias, Tecnologia e Sa\u00fade.<\/p>\n<p style=\"text-align: justify\"><strong>Documentos exigidos (Xerox):<\/strong><\/p>\n<p style=\"text-align: justify\">&#8211; C\u00e9dula de identidade e CPF;<\/p>\n<p style=\"text-align: justify\">&#8211; Comprovante de resid\u00eancia;<\/p>\n<p style=\"text-align: justify\">&#8211; Dados banc\u00e1rios;<\/p>\n<p style=\"text-align: justify\"><strong>Datas:<\/strong><\/p>\n<p style=\"text-align: justify\">Monitores remunerados: de 12 a 16 de maio de 2014<\/p>\n<p style=\"text-align: justify\">Monitores n\u00e3o remunerados: de 19 a 23 de maio de 2014<\/p>\n<p style=\"text-align: justify\"><strong>Hor\u00e1rio:<\/strong><\/p>\n<p style=\"text-align: justify\">Pr\u00f3-Reitoria de Gradua\u00e7\u00e3o: Das 8h \u00e0s 12h e das 14h `s 17h<\/p>\n<p style=\"text-align: justify\">Os demais locais ir\u00e3o funcionar no hor\u00e1rio de expediente dos seus respectivos centros.<\/p>\n<p style=\"text-align: justify\">Confira o <a href=\"http:\/\/www.uepb.edu.br\/download\/editais_e_sele%C3%A7%C3%B5es\/MONITORIA%20RELA%C3%87%C3%83O%20DOS%20BOLSISTAS%2020141.pdf\">resultado final<\/a>.<\/p>\n","protected":false},"excerpt":{"rendered":"<p>A Pr\u00f3-Reitoria de Gradua\u00e7\u00e3o (PROGRAD) da Universidade Estadual da Para\u00edba (UEPB) convoca os alunos selecionados no programa de Bolsa Monitoria para comparecer para apresenta\u00e7\u00e3o da documenta\u00e7\u00e3o exigida e para assinatura do termo de compromisso nos seguintes locais : Campina Grande: Pr\u00f3-Reitoria de Gradua\u00e7\u00e3o Lagoa Seca: Pr\u00f3-Reitoria de Gradua\u00e7\u00e3o Guarabira: Dire\u00e7\u00e3o do Centro de Humanidades Catol\u00e9 <a class=\"leiamais\" href=\"https:\/\/centros.uepb.edu.br\/ccbsa\/prograd-convoca-alunos-selecionados-no-programa-de-bolsa-monitoria-para-apresentacao-de-documentos\/\">Leia Mais&#8230;<\/a><\/p>\n","protected":false},"author":8,"featured_media":0,"comment_status":"open","ping_status":"open","sticky":false,"template":"","format":"standard","meta":{"footnotes":""},"categories":[3,5],"tags":[],"class_list":["post-1837","post","type-post","status-publish","format-standard","hentry","category-noticias","category-visiveis"],"jetpack_featured_media_url":"","_links":{"self":[{"href":"https:\/\/centros.uepb.edu.br\/ccbsa\/wp-json\/wp\/v2\/posts\/1837","targetHints":{"allow":["GET"]}}],"collection":[{"href":"https:\/\/centros.uepb.edu.br\/ccbsa\/wp-json\/wp\/v2\/posts"}],"about":[{"href":"https:\/\/centros.uepb.edu.br\/ccbsa\/wp-json\/wp\/v2\/types\/post"}],"author":[{"embeddable":true,"href":"https:\/\/centros.uepb.edu.br\/ccbsa\/wp-json\/wp\/v2\/users\/8"}],"replies":[{"embeddable":true,"href":"https:\/\/centros.uepb.edu.br\/ccbsa\/wp-json\/wp\/v2\/comments?post=1837"}],"version-history":[{"count":0,"href":"https:\/\/centros.uepb.edu.br\/ccbsa\/wp-json\/wp\/v2\/posts\/1837\/revisions"}],"wp:attachment":[{"href":"https:\/\/centros.uepb.edu.br\/ccbsa\/wp-json\/wp\/v2\/media?parent=1837"}],"wp:term":[{"taxonomy":"category","embeddable":true,"href":"https:\/\/centros.uepb.edu.br\/ccbsa\/wp-json\/wp\/v2\/categories?post=1837"},{"taxonomy":"post_tag","embeddable":true,"href":"https:\/\/centros.uepb.edu.br\/ccbsa\/wp-json\/wp\/v2\/tags?post=1837"}],"curies":[{"name":"wp","href":"https:\/\/api.w.org\/{rel}","templated":true}]}}