{"id":1828,"date":"2014-05-09T18:43:23","date_gmt":"2014-05-09T18:43:23","guid":{"rendered":"\/ccbsa\/?p=1828"},"modified":"2014-05-09T18:43:23","modified_gmt":"2014-05-09T18:43:23","slug":"curso-de-arquivologia-promove-palestra-sobre-a-gestao-de-arquivos-em-tribunais-judiciarios","status":"publish","type":"post","link":"https:\/\/centros.uepb.edu.br\/ccbsa\/curso-de-arquivologia-promove-palestra-sobre-a-gestao-de-arquivos-em-tribunais-judiciarios\/","title":{"rendered":"Curso de Arquivologia promove palestra sobre a gest\u00e3o de arquivos em Tribunais Judici\u00e1rios"},"content":{"rendered":"<p>\u201cO Papel do Juiz Gestor e a Administra\u00e7\u00e3o de Arquivos em Tribunais Judici\u00e1rios\u201d, esse \u00e9 o tema da palestra que ser\u00e1 proferida na pr\u00f3xima ter\u00e7a-feira, 13 de maio, \u00e0s 10h, no audit\u00f3rio do Campus V da Universidade Estadual da Para\u00edba, voltada a estudantes do bacharelado em Arquivologia.<\/p>\n<p>A palestra ser\u00e1 ministrada pela diretora do F\u00f3rum C\u00edvel Desembargador M\u00e1rio Moacir Porto, ju\u00edza Agamenilde Dias Vieira Dantas. A magistrada, que possui P\u00f3s-Gradua\u00e7\u00e3o em Direito da Comunica\u00e7\u00e3o pela Universidade de Coimbra \u2013 FDUC e atua Corregedoria Nacional do Conselho Nacional de Justi\u00e7a e Comit\u00ea Nacional do F\u00f3rum Nacional de Precat\u00f3rios &#8211; FONAPREC do Conselho Nacional de Justi\u00e7a, abordar\u00e1 o caso do arquivo do F\u00f3rum C\u00edvel de Jo\u00e3o Pessoa.<\/p>\n<p>O evento contar\u00e1 com a presen\u00e7a de discentes vinculados aos componentes curriculares \u201cIntrodu\u00e7\u00e3o \u00e0 Administra\u00e7\u00e3o\u201d e \u201cTeoria das organiza\u00e7\u00f5es\u201d, ambos do bacharelado em Arquivologia, ministrados pela professora Ana L\u00facia de Souza. De acordo com a docente o objetivo da atividade \u00e9 possibilitar a esse p\u00fablico uma vis\u00e3o sist\u00eamica do campo da administra\u00e7\u00e3o, atrav\u00e9s de uma perspectiva geral das\u00a0 \u00e1reas, das atividades e das fun\u00e7\u00f5es administrativas e o entendimento sobre a rela\u00e7\u00e3o existente entre as teorias administrativas e o trabalho do profissional de Arquivologia nas diferentes organiza\u00e7\u00f5es.<\/p>\n<p>A docente destaca a import\u00e2ncia de despertar nos estudantes de Arquivologia desde o in\u00edcio da forma\u00e7\u00e3o, uma vis\u00e3o sobre as quest\u00f5es relacionadas ao campo da gest\u00e3o, uma vez que, depois de formados, esses trabalhar\u00e3o como gestores da informa\u00e7\u00e3o nas organiza\u00e7\u00f5es.O evento \u00e9 gratuito, aberto aos discentes interessados na tem\u00e1tica e n\u00e3o s\u00e3o necess\u00e1rias inscri\u00e7\u00f5es pr\u00e9vias para a participa\u00e7\u00e3o.<\/p>\n","protected":false},"excerpt":{"rendered":"<p>\u201cO Papel do Juiz Gestor e a Administra\u00e7\u00e3o de Arquivos em Tribunais Judici\u00e1rios\u201d, esse \u00e9 o tema da palestra que ser\u00e1 proferida na pr\u00f3xima ter\u00e7a-feira, 13 de maio, \u00e0s 10h, no audit\u00f3rio do Campus V da Universidade Estadual da Para\u00edba, voltada a estudantes do bacharelado em Arquivologia. A palestra ser\u00e1 ministrada pela diretora do F\u00f3rum <a class=\"leiamais\" href=\"https:\/\/centros.uepb.edu.br\/ccbsa\/curso-de-arquivologia-promove-palestra-sobre-a-gestao-de-arquivos-em-tribunais-judiciarios\/\">Leia Mais&#8230;<\/a><\/p>\n","protected":false},"author":8,"featured_media":0,"comment_status":"open","ping_status":"open","sticky":false,"template":"","format":"standard","meta":{"footnotes":""},"categories":[3,5],"tags":[],"class_list":["post-1828","post","type-post","status-publish","format-standard","hentry","category-noticias","category-visiveis"],"jetpack_featured_media_url":"","_links":{"self":[{"href":"https:\/\/centros.uepb.edu.br\/ccbsa\/wp-json\/wp\/v2\/posts\/1828","targetHints":{"allow":["GET"]}}],"collection":[{"href":"https:\/\/centros.uepb.edu.br\/ccbsa\/wp-json\/wp\/v2\/posts"}],"about":[{"href":"https:\/\/centros.uepb.edu.br\/ccbsa\/wp-json\/wp\/v2\/types\/post"}],"author":[{"embeddable":true,"href":"https:\/\/centros.uepb.edu.br\/ccbsa\/wp-json\/wp\/v2\/users\/8"}],"replies":[{"embeddable":true,"href":"https:\/\/centros.uepb.edu.br\/ccbsa\/wp-json\/wp\/v2\/comments?post=1828"}],"version-history":[{"count":0,"href":"https:\/\/centros.uepb.edu.br\/ccbsa\/wp-json\/wp\/v2\/posts\/1828\/revisions"}],"wp:attachment":[{"href":"https:\/\/centros.uepb.edu.br\/ccbsa\/wp-json\/wp\/v2\/media?parent=1828"}],"wp:term":[{"taxonomy":"category","embeddable":true,"href":"https:\/\/centros.uepb.edu.br\/ccbsa\/wp-json\/wp\/v2\/categories?post=1828"},{"taxonomy":"post_tag","embeddable":true,"href":"https:\/\/centros.uepb.edu.br\/ccbsa\/wp-json\/wp\/v2\/tags?post=1828"}],"curies":[{"name":"wp","href":"https:\/\/api.w.org\/{rel}","templated":true}]}}