{"id":1809,"date":"2014-05-07T13:27:55","date_gmt":"2014-05-07T13:27:55","guid":{"rendered":"\/ccbsa\/?p=1809"},"modified":"2014-05-15T12:10:14","modified_gmt":"2014-05-15T12:10:14","slug":"projeto-de-extensao-do-curso-de-arquivologia-promovera-oficina-sobre-arquivos-pessoais","status":"publish","type":"post","link":"https:\/\/centros.uepb.edu.br\/ccbsa\/projeto-de-extensao-do-curso-de-arquivologia-promovera-oficina-sobre-arquivos-pessoais\/","title":{"rendered":"Projeto de extens\u00e3o do curso de Arquivologia promover\u00e1 oficina sobre arquivos pessoais"},"content":{"rendered":"<p><a href=\"http:\/\/centros.ascom.uepb.edu.br\/ccbsa\/files\/2014\/05\/SAM_6318.jpg\"><img loading=\"lazy\" decoding=\"async\" class=\"alignleft size-thumbnail wp-image-1810 img-responsive\" src=\"http:\/\/centros.ascom.uepb.edu.br\/ccbsa\/files\/2014\/05\/SAM_6318-150x150.jpg\" alt=\"SAM_6318\" width=\"150\" height=\"150\" \/><\/a>Cartas, fotografias, v\u00eddeos, registros de trabalho, di\u00e1rios, esses s\u00e3o alguns documentos que, tomados em conjunto, revelam n\u00e3o apenas a trajet\u00f3ria de vida, gostos, h\u00e1bitos e valores de uma pessoa, mas, podem tornar-se valiosas fontes de pesquisa situadas no campo dos arquivos pessoais.<\/p>\n<p>E com o intuito de discutir essa tem\u00e1tica, o projeto de extens\u00e3o \u201cNos enlaces da mem\u00f3ria: documentos iconogr\u00e1ficos do arquivo pessoal de Tarc\u00edsio Burity\u201d, que integra o programa \u201cInforma\u00e7\u00e3o e Cogni\u00e7\u00e3o: socializando conte\u00fados informacionais articulados ao saber, \u00e0 cultura e \u00e0 mem\u00f3ria\u201d, vinculado ao curso de Arquivologia da Universidade Estadual da Para\u00edba, promover\u00e1, no dia 16 de maio, das 8 \u00e0s 12h, no audit\u00f3rio do Centro de Ci\u00eancias Biol\u00f3gicas e Sociais Aplicadas, uma oficina sobre arquivos pessoais.<\/p>\n<p>A atividade ser\u00e1 ministrada pelo professor Josemar Henrique de Melo e abordar\u00e1 o conceito de arquivo pessoal e arquivo de fam\u00edlia, as caracter\u00edsticas desse tipo de documento, metodologias para trabalhar, entre outras quest\u00f5es.<\/p>\n<p>De acordo com o professor Josemar, os participantes da oficina receber\u00e3o indica\u00e7\u00f5es de textos e pesquisas direcionadas \u00e0 tem\u00e1tica em quest\u00e3o. O docente acrescenta ainda que, embora haja estudos que abordem as diversas vertentes do arquivo pessoal, ainda \u00e9 necess\u00e1rio aprofundar o conhecimento nessa \u00e1rea da Arquiv\u00edstica para criar uma base de dados mais s\u00f3lida.<\/p>\n<p>A oficina \u00e9 voltada para estudantes que integram os programas de monitoria, pesquisa e extens\u00e3o do curso de Arquivologia, e as inscri\u00e7\u00f5es est\u00e3o sendo feitas via\u00a0\u00a0[wpfilebase tag=fileurl id=85 linktext=&#8217;formul\u00e1rio&#8217; \/] que dever\u00e1 ser preenchido e encaminhado para o e-mail: oficinaarquivospessoais2014@gmail.com. A confirma\u00e7\u00e3o da inscri\u00e7\u00e3o se d\u00e1 com o envio de textos recomendados pelo professor Josemar Henrique, para serem lidos antes da oficina. As vagas s\u00e3o limitadas.<\/p>\n","protected":false},"excerpt":{"rendered":"<p>Cartas, fotografias, v\u00eddeos, registros de trabalho, di\u00e1rios, esses s\u00e3o alguns documentos que, tomados em conjunto, revelam n\u00e3o apenas a trajet\u00f3ria de vida, gostos, h\u00e1bitos e valores de uma pessoa, mas, podem tornar-se valiosas fontes de pesquisa situadas no campo dos arquivos pessoais. E com o intuito de discutir essa tem\u00e1tica, o projeto de extens\u00e3o \u201cNos <a class=\"leiamais\" href=\"https:\/\/centros.uepb.edu.br\/ccbsa\/projeto-de-extensao-do-curso-de-arquivologia-promovera-oficina-sobre-arquivos-pessoais\/\">Leia Mais&#8230;<\/a><\/p>\n","protected":false},"author":8,"featured_media":1810,"comment_status":"open","ping_status":"open","sticky":false,"template":"","format":"standard","meta":{"footnotes":""},"categories":[3,5],"tags":[],"class_list":["post-1809","post","type-post","status-publish","format-standard","has-post-thumbnail","hentry","category-noticias","category-visiveis"],"jetpack_featured_media_url":"https:\/\/centros.uepb.edu.br\/ccbsa\/files\/2014\/05\/SAM_6318.jpg","_links":{"self":[{"href":"https:\/\/centros.uepb.edu.br\/ccbsa\/wp-json\/wp\/v2\/posts\/1809","targetHints":{"allow":["GET"]}}],"collection":[{"href":"https:\/\/centros.uepb.edu.br\/ccbsa\/wp-json\/wp\/v2\/posts"}],"about":[{"href":"https:\/\/centros.uepb.edu.br\/ccbsa\/wp-json\/wp\/v2\/types\/post"}],"author":[{"embeddable":true,"href":"https:\/\/centros.uepb.edu.br\/ccbsa\/wp-json\/wp\/v2\/users\/8"}],"replies":[{"embeddable":true,"href":"https:\/\/centros.uepb.edu.br\/ccbsa\/wp-json\/wp\/v2\/comments?post=1809"}],"version-history":[{"count":0,"href":"https:\/\/centros.uepb.edu.br\/ccbsa\/wp-json\/wp\/v2\/posts\/1809\/revisions"}],"wp:featuredmedia":[{"embeddable":true,"href":"https:\/\/centros.uepb.edu.br\/ccbsa\/wp-json\/wp\/v2\/media\/1810"}],"wp:attachment":[{"href":"https:\/\/centros.uepb.edu.br\/ccbsa\/wp-json\/wp\/v2\/media?parent=1809"}],"wp:term":[{"taxonomy":"category","embeddable":true,"href":"https:\/\/centros.uepb.edu.br\/ccbsa\/wp-json\/wp\/v2\/categories?post=1809"},{"taxonomy":"post_tag","embeddable":true,"href":"https:\/\/centros.uepb.edu.br\/ccbsa\/wp-json\/wp\/v2\/tags?post=1809"}],"curies":[{"name":"wp","href":"https:\/\/api.w.org\/{rel}","templated":true}]}}