{"id":1724,"date":"2014-04-22T13:44:00","date_gmt":"2014-04-22T13:44:00","guid":{"rendered":"\/ccbsa\/?p=1724"},"modified":"2014-04-22T14:06:31","modified_gmt":"2014-04-22T14:06:31","slug":"docente-de-ri-sera-um-dos-especialistas-dos-brics-a-participar-de-conferencia-sobre-os-novos-paradigmas-da-economia-e-sociedade","status":"publish","type":"post","link":"https:\/\/centros.uepb.edu.br\/ccbsa\/docente-de-ri-sera-um-dos-especialistas-dos-brics-a-participar-de-conferencia-sobre-os-novos-paradigmas-da-economia-e-sociedade\/","title":{"rendered":"Docente de RI ser\u00e1 um dos especialistas dos BRICS em confer\u00eancia sobre economia e sociedade"},"content":{"rendered":"<p>Com o objetivo de debater o colapso dos paradigmas econ\u00f4micos, geopol\u00edticos e ambientais a partir da crise de 2008 nos pa\u00edses industrializados avan\u00e7ados, especialistas e intelectuais dos pa\u00edses do BRICS: Brasil, R\u00fassia, \u00cdndia, China e \u00c1frica do Sul, participam da confer\u00eancia BRICS no s\u00e9culo XXI, que ser\u00e1 realizada de 20 a 23 de maio, no Rio de Janeiro, e contar\u00e1 com a participa\u00e7\u00e3o do coordenador do bacharelado em Rela\u00e7\u00f5es Internacionais da Universidade Estadual da Para\u00edba, Jos\u00e9 Carlos de Assis, como mediador de uma das mesas de discuss\u00e3o.<\/p>\n<p>A mesa que ser\u00e1 mediada pelo professor Jos\u00e9 Carlos de Assis abordar\u00e1 a tem\u00e1tica \u201cColapso do paradigma neoliberal em economia e as perspectivas econ\u00f4micas dos BRICS no contexto mundial\u201d, e contar\u00e1 com a participa\u00e7\u00e3o dos pesquisadores Vladimir Davydov, da R\u00fassia, Santosh Mehrotra, da \u00cdndia, Zhang Yan, da China, Rasigan Maharajah, da \u00c1frica do Sul e Luiz Gonzaga Beluzzo, do Brasil.<\/p>\n<p>O evento contar\u00e1 com a discuss\u00e3o de temas da economia pol\u00edtica, geopol\u00edtica, meio ambiente e da \u00e9tica na ci\u00eancia, a partir da perspectiva dos pa\u00edses emergentes e do Sul. Os debates visam identificar paradigmas emergentes como contraponto aos que colapsaram, especialmente em rela\u00e7\u00e3o \u00e0 economia pol\u00edtica e \u00e0 geopol\u00edtica, no primeiro caso apontando alternativas ao neoliberalismo decadente e, no segundo, ao princ\u00edpio da guerra como instrumento de solu\u00e7\u00e3o de conflitos dentro e entre as na\u00e7\u00f5es em face da realidade de um mundo nuclearizado e de outras armas de destrui\u00e7\u00e3o em massa.<\/p>\n<p>Na mesma perspectiva, ser\u00e1 discutido o risco ambiental num tempo de aceleradas mudan\u00e7as clim\u00e1ticas em parte resultantes de fatores antr\u00f3picos, conciliando desenvolvimento e sustentabilidade, assim como a necessidade de um c\u00f3digo de \u00e9tica universal para o desenvolvimento da Ci\u00eancia gen\u00e9tica sem por em risco a dignidade da esp\u00e9cie humana.<\/p>\n<p>Durante a confer\u00eancia n\u00e3o ser\u00e1 realizado propriamente um debate sobre os BRICS mas uma tentativa de estabelecer consenso entre os pa\u00edses do bloco em face de desafios contempor\u00e2neos relevantes para eles mesmos e para o mundo.<\/p>\n","protected":false},"excerpt":{"rendered":"<p>Com o objetivo de debater o colapso dos paradigmas econ\u00f4micos, geopol\u00edticos e ambientais a partir da crise de 2008 nos pa\u00edses industrializados avan\u00e7ados, especialistas e intelectuais dos pa\u00edses do BRICS: Brasil, R\u00fassia, \u00cdndia, China e \u00c1frica do Sul, participam da confer\u00eancia BRICS no s\u00e9culo XXI, que ser\u00e1 realizada de 20 a 23 de maio, no <a class=\"leiamais\" href=\"https:\/\/centros.uepb.edu.br\/ccbsa\/docente-de-ri-sera-um-dos-especialistas-dos-brics-a-participar-de-conferencia-sobre-os-novos-paradigmas-da-economia-e-sociedade\/\">Leia Mais&#8230;<\/a><\/p>\n","protected":false},"author":8,"featured_media":0,"comment_status":"open","ping_status":"open","sticky":false,"template":"","format":"standard","meta":{"footnotes":""},"categories":[3,5],"tags":[],"class_list":["post-1724","post","type-post","status-publish","format-standard","hentry","category-noticias","category-visiveis"],"jetpack_featured_media_url":"","_links":{"self":[{"href":"https:\/\/centros.uepb.edu.br\/ccbsa\/wp-json\/wp\/v2\/posts\/1724","targetHints":{"allow":["GET"]}}],"collection":[{"href":"https:\/\/centros.uepb.edu.br\/ccbsa\/wp-json\/wp\/v2\/posts"}],"about":[{"href":"https:\/\/centros.uepb.edu.br\/ccbsa\/wp-json\/wp\/v2\/types\/post"}],"author":[{"embeddable":true,"href":"https:\/\/centros.uepb.edu.br\/ccbsa\/wp-json\/wp\/v2\/users\/8"}],"replies":[{"embeddable":true,"href":"https:\/\/centros.uepb.edu.br\/ccbsa\/wp-json\/wp\/v2\/comments?post=1724"}],"version-history":[{"count":0,"href":"https:\/\/centros.uepb.edu.br\/ccbsa\/wp-json\/wp\/v2\/posts\/1724\/revisions"}],"wp:attachment":[{"href":"https:\/\/centros.uepb.edu.br\/ccbsa\/wp-json\/wp\/v2\/media?parent=1724"}],"wp:term":[{"taxonomy":"category","embeddable":true,"href":"https:\/\/centros.uepb.edu.br\/ccbsa\/wp-json\/wp\/v2\/categories?post=1724"},{"taxonomy":"post_tag","embeddable":true,"href":"https:\/\/centros.uepb.edu.br\/ccbsa\/wp-json\/wp\/v2\/tags?post=1724"}],"curies":[{"name":"wp","href":"https:\/\/api.w.org\/{rel}","templated":true}]}}