{"id":1713,"date":"2014-04-16T12:31:04","date_gmt":"2014-04-16T12:31:04","guid":{"rendered":"\/ccbsa\/?p=1713"},"modified":"2014-04-16T12:31:04","modified_gmt":"2014-04-16T12:31:04","slug":"egressa-do-curso-de-relacoes-internacionais-da-uepb-e-aprovada-em-mestrado-na-suecia-com-bolsa-integral","status":"publish","type":"post","link":"https:\/\/centros.uepb.edu.br\/ccbsa\/egressa-do-curso-de-relacoes-internacionais-da-uepb-e-aprovada-em-mestrado-na-suecia-com-bolsa-integral\/","title":{"rendered":"Egressa do curso de Rela\u00e7\u00f5es Internacionais da UEPB \u00e9 aprovada em mestrado na Su\u00e9cia com bolsa integral"},"content":{"rendered":"<p><a href=\"http:\/\/centros.ascom.uepb.edu.br\/ccbsa\/files\/2014\/04\/262344_411575008907181_965661978_nED.jpg\"><img loading=\"lazy\" decoding=\"async\" class=\"alignleft size-thumbnail wp-image-1714 img-responsive\" alt=\"262344_411575008907181_965661978_nED\" src=\"http:\/\/centros.ascom.uepb.edu.br\/ccbsa\/files\/2014\/04\/262344_411575008907181_965661978_nED-150x150.jpg\" width=\"150\" height=\"150\" \/><\/a>Concluir a gradua\u00e7\u00e3o e conseguir a aprova\u00e7\u00e3o em uma sele\u00e7\u00e3o de mestrado com bolsa integral numa universidade de destaque internacional, esse \u00e9 o sonho de muitos estudantes desde que ingressam no mundo acad\u00eamico que passou ser realidade para a egressa do bacharelado em Rela\u00e7\u00f5es Internacionais da Universidade Estadual da Para\u00edba, Nara Farias, aprovada para o Mestrado em Migra\u00e7\u00f5es Internacionais e Rela\u00e7\u00f5es \u00c9tnicas pela Malm\u00f6 University, na Su\u00e9cia.<\/p>\n<p>A internacionalista, que concluiu o curso de gradua\u00e7\u00e3o em setembro de 2013, desde o in\u00edcio da vida de universit\u00e1ria esteve envolvida em projetos e atividades de pesquisa e extens\u00e3o, buscando a experi\u00eancia necess\u00e1ria para conquistar a meta de seguir a carreira acad\u00eamica.<\/p>\n<p>\u201cDurante minha gradua\u00e7\u00e3o quase sempre tive em mente que faria mestrado fora do pa\u00eds. Mas, sabia que para que isso acontecesse eu deveria manter o foco e procurar uma linha de pesquisa que me agradasse mais. Participei de projetos de pesquisa e de extens\u00e3o e fui bolsista do PIBIC, sendo este \u00faltimo o que mais me ajudou em termos de carreira acad\u00eamica, pois foi quando aprendi realmente a pesquisar\u201d, relembra Nara.<\/p>\n<p>Nara atribui sua conquista, principalmente, \u00e0 qualidade dos docentes do curso de Rela\u00e7\u00f5es Internacionais, dentre eles a orientadora Andrea Pac\u00edfico, que incentivam os estudantes a crescer enquanto pesquisadores e profissionais.<\/p>\n<p>Desde outubro de 2013 a internacionalista buscava uma universidade que contasse com o curso de Mestrado na \u00e1rea de migra\u00e7\u00f5es. Enquanto estudante, inclusive, Nara j\u00e1 desenvolvia pesquisas com este foco, atuando no N\u00facleo de Estudo e Pesquisa sobre Deslocados Ambientais (NEPDA) da UEPB. Chegou a inscrever-se na Universidade de Amsterdam, onde tamb\u00e9m foi aprovada mas, optou pela Malm\u00f6 University, por conta da bolsa de estudos.<\/p>\n<p>Para obter a aprova\u00e7\u00e3o Nara Farias\u00a0 encaminhou o diploma, hist\u00f3rico escolar, profici\u00eancia em ingles (TOEFL), exemplos de perguntas que pretende responder durante o mestrado e uma carta de motiva\u00e7\u00e3o, documentos que foram considerados para que a internacionalista conseguisse a aprova\u00e7\u00e3o com bolsa de estudos.<\/p>\n<p>A Malm\u00f6 University, fundada em 1998, \u00e9 uma das maiores universidades da Su\u00e9cia, recebendo mais de 24 mil estudantes suecos e de outras nacionalidades, para cursar gradua\u00e7\u00e3o e p\u00f3s-gradua\u00e7\u00e3o. O programa de p\u00f3s-gradua\u00e7\u00e3o em Migra\u00e7\u00f5es Internacionais e Rela\u00e7\u00f5es \u00c9tnicas busca desenvolver as habilidades dos mestrandos em pesquisar os efeitos da globaliza\u00e7\u00e3o e da mobilidade humana nas sociedades, grupos e indiv\u00edduos; a adapta\u00e7\u00e3o social e pol\u00edtica e integra\u00e7\u00e3o das minorias \u00e9tnicas em diferentes sociedades; quest\u00f5es de inclus\u00e3o e exclus\u00e3o de imigrantes; rela\u00e7\u00f5es maioria-minoria; perspectivas filos\u00f3ficas e \u00e9ticas sobre a vida em sociedades diversas e complexas.<\/p>\n<p>Ap\u00f3s a conclus\u00e3o do curso, Nara Farias planeja dar continuidade aos estudos associada \u00e0 carreira profissional na \u00e1rea em que est\u00e1 se aprofundando. \u201cPretendo aproveitar, da melhor forma poss\u00edvel, essa oportunidade que o governo sueco est\u00e1 me dando e, com o conhecimento adquirido, tentarei come\u00e7ar uma carreira em organiza\u00e7\u00f5es que tratem da tem\u00e1tica das migra\u00e7\u00f5es, minha \u00e1rea de estudos\u201d, declarou.<\/p>\n","protected":false},"excerpt":{"rendered":"<p>Concluir a gradua\u00e7\u00e3o e conseguir a aprova\u00e7\u00e3o em uma sele\u00e7\u00e3o de mestrado com bolsa integral numa universidade de destaque internacional, esse \u00e9 o sonho de muitos estudantes desde que ingressam no mundo acad\u00eamico que passou ser realidade para a egressa do bacharelado em Rela\u00e7\u00f5es Internacionais da Universidade Estadual da Para\u00edba, Nara Farias, aprovada para o <a class=\"leiamais\" href=\"https:\/\/centros.uepb.edu.br\/ccbsa\/egressa-do-curso-de-relacoes-internacionais-da-uepb-e-aprovada-em-mestrado-na-suecia-com-bolsa-integral\/\">Leia Mais&#8230;<\/a><\/p>\n","protected":false},"author":8,"featured_media":1714,"comment_status":"open","ping_status":"open","sticky":false,"template":"","format":"standard","meta":{"footnotes":""},"categories":[6],"tags":[],"class_list":["post-1713","post","type-post","status-publish","format-standard","has-post-thumbnail","hentry","category-slide"],"jetpack_featured_media_url":"https:\/\/centros.uepb.edu.br\/ccbsa\/files\/2014\/04\/262344_411575008907181_965661978_nED.jpg","_links":{"self":[{"href":"https:\/\/centros.uepb.edu.br\/ccbsa\/wp-json\/wp\/v2\/posts\/1713","targetHints":{"allow":["GET"]}}],"collection":[{"href":"https:\/\/centros.uepb.edu.br\/ccbsa\/wp-json\/wp\/v2\/posts"}],"about":[{"href":"https:\/\/centros.uepb.edu.br\/ccbsa\/wp-json\/wp\/v2\/types\/post"}],"author":[{"embeddable":true,"href":"https:\/\/centros.uepb.edu.br\/ccbsa\/wp-json\/wp\/v2\/users\/8"}],"replies":[{"embeddable":true,"href":"https:\/\/centros.uepb.edu.br\/ccbsa\/wp-json\/wp\/v2\/comments?post=1713"}],"version-history":[{"count":0,"href":"https:\/\/centros.uepb.edu.br\/ccbsa\/wp-json\/wp\/v2\/posts\/1713\/revisions"}],"wp:featuredmedia":[{"embeddable":true,"href":"https:\/\/centros.uepb.edu.br\/ccbsa\/wp-json\/wp\/v2\/media\/1714"}],"wp:attachment":[{"href":"https:\/\/centros.uepb.edu.br\/ccbsa\/wp-json\/wp\/v2\/media?parent=1713"}],"wp:term":[{"taxonomy":"category","embeddable":true,"href":"https:\/\/centros.uepb.edu.br\/ccbsa\/wp-json\/wp\/v2\/categories?post=1713"},{"taxonomy":"post_tag","embeddable":true,"href":"https:\/\/centros.uepb.edu.br\/ccbsa\/wp-json\/wp\/v2\/tags?post=1713"}],"curies":[{"name":"wp","href":"https:\/\/api.w.org\/{rel}","templated":true}]}}