{"id":1706,"date":"2014-04-15T14:28:26","date_gmt":"2014-04-15T14:28:26","guid":{"rendered":"\/ccbsa\/?p=1706"},"modified":"2014-04-15T19:03:20","modified_gmt":"2014-04-15T19:03:20","slug":"campus-v-sediara-a-partir-do-2a-semestre-curso-de-formacao-de-professores-na-area-de-educacao-fisica","status":"publish","type":"post","link":"https:\/\/centros.uepb.edu.br\/ccbsa\/campus-v-sediara-a-partir-do-2a-semestre-curso-de-formacao-de-professores-na-area-de-educacao-fisica\/","title":{"rendered":"Campus V sediar\u00e1 a partir do 2\u00ba semestre curso de forma\u00e7\u00e3o de professores na \u00e1rea de Educa\u00e7\u00e3o F\u00edsica"},"content":{"rendered":"<p>O Campus V da Universidade Estadual da Para\u00edba (UEPB) sediar\u00e1, a partir do segundo semestre deste ano, mais um curso de forma\u00e7\u00e3o docente na proposta do Plano Nacional de Forma\u00e7\u00e3o dos Professores da Educa\u00e7\u00e3o B\u00e1sica (PARFOR). Trata-se do curso de Educa\u00e7\u00e3o F\u00edsica, que j\u00e1 obteve aprova\u00e7\u00e3o da Coordena\u00e7\u00e3o de Aperfei\u00e7oamento de Pessoal em N\u00edvel Superior (Capes).<\/p>\n<p>Est\u00e3o sendo ofertadas 40 vagas para os docentes sem forma\u00e7\u00e3o superior ou aqueles que mesmo tendo a forma\u00e7\u00e3o estejam que j\u00e1 atuam na \u00e1rea e desejam em realizar curso.<\/p>\n<p>O Centro de Ci\u00eancias Biol\u00f3gicas e Sociais Aplicadas da UEPB j\u00e1 disponibiliza o curso de licenciatura em Pedagogia, que tamb\u00e9m ganhar\u00e1 uma nova turma a partir do pr\u00f3ximo semestre. As aulas seguem o calend\u00e1rio acad\u00eamico da UEPB, sendo ministradas presencialmente todos os s\u00e1bados. Os cursos do PARFOR s\u00e3o financiados pelas Capes, que \u00e9 respons\u00e1vel pelas despesas administrativas e pagamento de professores.<\/p>\n<p>Para a professora Eliane Moura, pr\u00f3-reitora de Ensino M\u00e9dio, T\u00e9cnico e Educa\u00e7\u00e3o \u00e0 Dist\u00e2ncia, as a\u00e7\u00f5es voltadas \u00e0 forma\u00e7\u00e3o de professores que a UEPB desenvolve as fazem estar cada vez mais presente na comunidade, atrav\u00e9s do trabalho acad\u00eamico curricular, e preenche uma grande lacuna que existe no ensino p\u00fablico paraibano, uma vez que h\u00e1 uma demanda significativa de forma\u00e7\u00e3o docente em v\u00e1rias \u00e1reas do conhecimento. \u201cEstamos percorrendo os munic\u00edpios para formar professores e garantir uma educa\u00e7\u00e3o de qualidade no Estado\u201d, destaca a professora.<\/p>\n<p>O curso de Educa\u00e7\u00e3o F\u00edsica ser\u00e1 o terceiro ofertado pela UEPB dentro do PARFOR. A Universidade j\u00e1 oferta os cursos de Pedagogia e Filosofia neste sistema. Implementado pela Coordena\u00e7\u00e3o de Aperfei\u00e7oamento de Pessoal de N\u00edvel Superior (Capes), em parceria com a UEPB, o PARFOR est\u00e1 presente em seis c\u00e2mpus da Institui\u00e7\u00e3o, com polos funcionando em Campina Grande, Guarabira, Catol\u00e9 do Rocha, Jo\u00e3o Pessoa, Monteiro e Patos.<\/p>\n<p>Os professores que est\u00e3o recebendo a forma\u00e7\u00e3o em n\u00edvel superior s\u00e3o respons\u00e1veis pelo ensino em escolas p\u00fablicas das redes municipal e estadual da Para\u00edba. Com estas iniciativas, a UEPB se posiciona em conson\u00e2ncia com a pol\u00edtica de forma\u00e7\u00e3o de n\u00edvel superior do professor de Educa\u00e7\u00e3o B\u00e1sica, com o Minist\u00e9rio da Educa\u00e7\u00e3o e com a Lei de Diretrizes e Bases (LDB), cumprindo tamb\u00e9m a sua miss\u00e3o de formadora de educadores reflexivos, focados na compreens\u00e3o da realidade educacional e da sociedade na qual se vive.<\/p>\n<p>A proposta da Institui\u00e7\u00e3o, de acordo com a professora Eliane Moura, \u00e9 consolidar um conjunto de a\u00e7\u00f5es no sentido da institucionaliza\u00e7\u00e3o dos trabalhos de forma\u00e7\u00e3o de professores, conforme planeja o reitor Rangel Junior, que inclusive transformou a Coordenadoria Institucionais de Programas Especiais (CIPE) em Pr\u00f3-Reitoria de Ensino M\u00e9dio, T\u00e9cnico e Educa\u00e7\u00e3o \u00e0 Dist\u00e2ncia, para que a Universidade tivesse mais condi\u00e7\u00f5es de fomentar a educa\u00e7\u00e3o paraibana, oferecendo forma\u00e7\u00e3o docente de excel\u00eancia, para que, desta forma, a Educa\u00e7\u00e3o B\u00e1sica do Estado eleve seus n\u00edveis de qualidade.<\/p>\n","protected":false},"excerpt":{"rendered":"<p>O Campus V da Universidade Estadual da Para\u00edba (UEPB) sediar\u00e1, a partir do segundo semestre deste ano, mais um curso de forma\u00e7\u00e3o docente na proposta do Plano Nacional de Forma\u00e7\u00e3o dos Professores da Educa\u00e7\u00e3o B\u00e1sica (PARFOR). Trata-se do curso de Educa\u00e7\u00e3o F\u00edsica, que j\u00e1 obteve aprova\u00e7\u00e3o da Coordena\u00e7\u00e3o de Aperfei\u00e7oamento de Pessoal em N\u00edvel Superior <a class=\"leiamais\" href=\"https:\/\/centros.uepb.edu.br\/ccbsa\/campus-v-sediara-a-partir-do-2a-semestre-curso-de-formacao-de-professores-na-area-de-educacao-fisica\/\">Leia Mais&#8230;<\/a><\/p>\n","protected":false},"author":8,"featured_media":0,"comment_status":"open","ping_status":"open","sticky":false,"template":"","format":"standard","meta":{"footnotes":""},"categories":[3,5],"tags":[],"class_list":["post-1706","post","type-post","status-publish","format-standard","hentry","category-noticias","category-visiveis"],"jetpack_featured_media_url":"","_links":{"self":[{"href":"https:\/\/centros.uepb.edu.br\/ccbsa\/wp-json\/wp\/v2\/posts\/1706","targetHints":{"allow":["GET"]}}],"collection":[{"href":"https:\/\/centros.uepb.edu.br\/ccbsa\/wp-json\/wp\/v2\/posts"}],"about":[{"href":"https:\/\/centros.uepb.edu.br\/ccbsa\/wp-json\/wp\/v2\/types\/post"}],"author":[{"embeddable":true,"href":"https:\/\/centros.uepb.edu.br\/ccbsa\/wp-json\/wp\/v2\/users\/8"}],"replies":[{"embeddable":true,"href":"https:\/\/centros.uepb.edu.br\/ccbsa\/wp-json\/wp\/v2\/comments?post=1706"}],"version-history":[{"count":0,"href":"https:\/\/centros.uepb.edu.br\/ccbsa\/wp-json\/wp\/v2\/posts\/1706\/revisions"}],"wp:attachment":[{"href":"https:\/\/centros.uepb.edu.br\/ccbsa\/wp-json\/wp\/v2\/media?parent=1706"}],"wp:term":[{"taxonomy":"category","embeddable":true,"href":"https:\/\/centros.uepb.edu.br\/ccbsa\/wp-json\/wp\/v2\/categories?post=1706"},{"taxonomy":"post_tag","embeddable":true,"href":"https:\/\/centros.uepb.edu.br\/ccbsa\/wp-json\/wp\/v2\/tags?post=1706"}],"curies":[{"name":"wp","href":"https:\/\/api.w.org\/{rel}","templated":true}]}}