{"id":1704,"date":"2014-04-15T14:24:34","date_gmt":"2014-04-15T14:24:34","guid":{"rendered":"\/ccbsa\/?p=1704"},"modified":"2014-04-15T14:24:34","modified_gmt":"2014-04-15T14:24:34","slug":"universidade-estadual-da-paraiba-tera-ponto-facultativo-nesta-quinta-feira-17-de-abril","status":"publish","type":"post","link":"https:\/\/centros.uepb.edu.br\/ccbsa\/universidade-estadual-da-paraiba-tera-ponto-facultativo-nesta-quinta-feira-17-de-abril\/","title":{"rendered":"Universidade Estadual da Para\u00edba ter\u00e1 ponto facultativo nesta quinta-feira, 17 de abril"},"content":{"rendered":"<p>A Reitoria da Universidade Estadual da Para\u00edba (UEPB), acompanhando a decis\u00e3o do Governo do Estado, publicou portaria determinando ponto facultativo na Institui\u00e7\u00e3o na pr\u00f3xima quinta-feira, 17 de abril. A determina\u00e7\u00e3o n\u00e3o altera os dias letivos do semestre 2014.1, uma vez que o calend\u00e1rio acad\u00eamico da UEPB j\u00e1 prev\u00ea o recesso da Semana Santa a partir da referida data.<\/p>\n<p>Levando em considera\u00e7\u00e3o que a sexta-feira, 18 de abril, \u00e9 feriado nacional em virtude da Paix\u00e3o de Cristo, bem como a pr\u00f3xima segunda-feira, 21 de abril, tamb\u00e9m \u00e9 feriado nacional pelo Dia de Tiradentes, o expediente volta ao normal no \u00e2mbito da Institui\u00e7\u00e3o na pr\u00f3xima ter\u00e7a-feira, 22 de abril.<\/p>\n","protected":false},"excerpt":{"rendered":"<p>A Reitoria da Universidade Estadual da Para\u00edba (UEPB), acompanhando a decis\u00e3o do Governo do Estado, publicou portaria determinando ponto facultativo na Institui\u00e7\u00e3o na pr\u00f3xima quinta-feira, 17 de abril. A determina\u00e7\u00e3o n\u00e3o altera os dias letivos do semestre 2014.1, uma vez que o calend\u00e1rio acad\u00eamico da UEPB j\u00e1 prev\u00ea o recesso da Semana Santa a partir <a class=\"leiamais\" href=\"https:\/\/centros.uepb.edu.br\/ccbsa\/universidade-estadual-da-paraiba-tera-ponto-facultativo-nesta-quinta-feira-17-de-abril\/\">Leia Mais&#8230;<\/a><\/p>\n","protected":false},"author":8,"featured_media":0,"comment_status":"open","ping_status":"open","sticky":false,"template":"","format":"standard","meta":{"footnotes":""},"categories":[3,5],"tags":[],"class_list":["post-1704","post","type-post","status-publish","format-standard","hentry","category-noticias","category-visiveis"],"jetpack_featured_media_url":"","_links":{"self":[{"href":"https:\/\/centros.uepb.edu.br\/ccbsa\/wp-json\/wp\/v2\/posts\/1704","targetHints":{"allow":["GET"]}}],"collection":[{"href":"https:\/\/centros.uepb.edu.br\/ccbsa\/wp-json\/wp\/v2\/posts"}],"about":[{"href":"https:\/\/centros.uepb.edu.br\/ccbsa\/wp-json\/wp\/v2\/types\/post"}],"author":[{"embeddable":true,"href":"https:\/\/centros.uepb.edu.br\/ccbsa\/wp-json\/wp\/v2\/users\/8"}],"replies":[{"embeddable":true,"href":"https:\/\/centros.uepb.edu.br\/ccbsa\/wp-json\/wp\/v2\/comments?post=1704"}],"version-history":[{"count":0,"href":"https:\/\/centros.uepb.edu.br\/ccbsa\/wp-json\/wp\/v2\/posts\/1704\/revisions"}],"wp:attachment":[{"href":"https:\/\/centros.uepb.edu.br\/ccbsa\/wp-json\/wp\/v2\/media?parent=1704"}],"wp:term":[{"taxonomy":"category","embeddable":true,"href":"https:\/\/centros.uepb.edu.br\/ccbsa\/wp-json\/wp\/v2\/categories?post=1704"},{"taxonomy":"post_tag","embeddable":true,"href":"https:\/\/centros.uepb.edu.br\/ccbsa\/wp-json\/wp\/v2\/tags?post=1704"}],"curies":[{"name":"wp","href":"https:\/\/api.w.org\/{rel}","templated":true}]}}