{"id":1700,"date":"2014-04-14T14:48:29","date_gmt":"2014-04-14T14:48:29","guid":{"rendered":"\/ccbsa\/?p=1700"},"modified":"2014-04-14T14:49:35","modified_gmt":"2014-04-14T14:49:35","slug":"livro-que-e-resultado-de-projeto-do-ccbsa-e-distribuido-em-bibliotecas-e-escolas-publicas-de-joao-pessoa","status":"publish","type":"post","link":"https:\/\/centros.uepb.edu.br\/ccbsa\/livro-que-e-resultado-de-projeto-do-ccbsa-e-distribuido-em-bibliotecas-e-escolas-publicas-de-joao-pessoa\/","title":{"rendered":"Livro que \u00e9 resultado de projeto do CCBSA \u00e9 distribu\u00eddo em bibliotecas e escolas p\u00fablicas de Jo\u00e3o Pessoa"},"content":{"rendered":"<p><a href=\"http:\/\/centros.ascom.uepb.edu.br\/ccbsa\/files\/2014\/04\/ANTES-Q-SE-APAGUE.jpg\"><img loading=\"lazy\" decoding=\"async\" class=\"alignleft size-thumbnail wp-image-1702 img-responsive\" alt=\"ANTES Q SE APAGUE\" src=\"http:\/\/centros.ascom.uepb.edu.br\/ccbsa\/files\/2014\/04\/ANTES-Q-SE-APAGUE-150x150.jpg\" width=\"150\" height=\"150\" \/><\/a>Iniciado em 2012, o projeto de extens\u00e3o \u201cAntes que se apague completamente: mem\u00f3ria e patrim\u00f4nio da Revolu\u00e7\u00e3o de 1817 na Para\u00edba\u201d, realizado por meio de um conv\u00eanio estabelecido entre a Universidade Estadual da Para\u00edba (UEPB) e o Minist\u00e9rio da Justi\u00e7a, encerra suas atividades com a distribui\u00e7\u00e3o do livro que re\u00fane o resultado das pesquisas e reflex\u00f5es realizados ao longo do projeto.<\/p>\n<p>A obra est\u00e1 sendo distribu\u00edda em bibliotecas e escolas p\u00fablicas de Jo\u00e3o Pessoa, visando atender ao p\u00fablico do ensino m\u00e9dio e demais interessados em exercer a cidadania por meio da preserva\u00e7\u00e3o do patrim\u00f4nio cultural. Integram o livro, cap\u00edtulos sobre a defini\u00e7\u00e3o de patrim\u00f4nio cultural, a trajet\u00f3ria do patrim\u00f4nio no Brasil e na Para\u00edba, a rela\u00e7\u00e3o entre patrim\u00f4nio e identidade, gestores locais, nacionais e internacionais do patrim\u00f4nio e a descri\u00e7\u00e3o do projeto da UEPB.<\/p>\n<p>O projeto contou com a coordena\u00e7\u00e3o da professora aposentada do bacharelado em Rela\u00e7\u00f5es Internacionais da UEPB, Eliete Gurj\u00e3o, e participa\u00e7\u00e3o de discentes do curso de RI, respons\u00e1veis por diversas atividades de educa\u00e7\u00e3o patrimonial e restaura\u00e7\u00e3o das placas em homenagem \u00e0 Revolu\u00e7\u00e3o de 1817.<\/p>\n<p>Foi realizada a restaura\u00e7\u00e3o das placas comemorativas alusivas ao centen\u00e1rio da revolu\u00e7\u00e3o que ficavam instaladas em pontos do centro hist\u00f3rico de Jo\u00e3o Pessoa. A iniciativa buscou evitar que as placas que homenageiam os m\u00e1rtires paraibanos de 1817 se apagassem. Postas no ano do centen\u00e1rio da rebeli\u00e3o pelo Instituto Hist\u00f3rico e Geogr\u00e1fico da Para\u00edba (IHGP) e pelo Conselho Estadual de Cultura nos lugares onde foram expostas cabe\u00e7as e m\u00e3os dos l\u00edderes locais naquele ano, elas est\u00e3o, desde junho de 2013, absolutamente leg\u00edveis, gra\u00e7as \u00e0 restaura\u00e7\u00e3o feita pela arquiteta Piedade Farias e sua equipe.<\/p>\n<p>Dentre as atividades do projeto tamb\u00e9m foi realizada a restaura\u00e7\u00e3o de uma fachada em ru\u00edna no Varadouro, onde se encontra a placa alusiva a Amaro Gomes Coutinho. As demais est\u00e3o situadas no Mosteiro de S\u00e3o Bento (local da rendi\u00e7\u00e3o), na Pra\u00e7a Rio Branco (homenagem a Francisco Jos\u00e9 da Silveira) e na Igreja de Lourdes (homenagem a Peregrino de Carvalho).<\/p>\n<p>Os resultados do projeto foram apresentados aos gestores locais do patrim\u00f4nio cultural. A equipe do projeto solicitou, ainda, que as placas restauradas sejam inclu\u00eddas ao acervo patrimonial. Foram contatados representantes do Instituto do Patrim\u00f4nio Hist\u00f3rico e Art\u00edstico Nacional (IPHAN), do Instituto do Patrim\u00f4nio Hist\u00f3rico e Art\u00edstico do Estado da Para\u00edba (IPHAEP), da Coordenadoria do Patrim\u00f4nio Cultural de Jo\u00e3o Pessoa (COPAC) e da Empresa Paraibana de Turismo (PBTUR).<\/p>\n<p>Considerando que a preserva\u00e7\u00e3o do patrim\u00f4nio cultural n\u00e3o se faz apenas pela restaura\u00e7\u00e3o de bens e\/ou lugares de mem\u00f3ria e sim pela consci\u00eancia de sua import\u00e2ncia para a preserva\u00e7\u00e3o da mem\u00f3ria e identidade de um povo, o projeto atuou tamb\u00e9m no campo da Educa\u00e7\u00e3o Patrimonial. Neste sentido, foram realizadas pesquisas de campo no entorno da Pra\u00e7a 1817 (trabalhando a mem\u00f3ria da Revolu\u00e7\u00e3o e a identidade paraibana); Esta\u00e7\u00f5es Patrimoniais (plant\u00f5es em pra\u00e7as p\u00fablicas, interagindo e distribuindo material educativo) e palestras em escolas p\u00fablicas.<\/p>\n<p>A professora Eliete Gurj\u00e3o, destacou a import\u00e2ncia de que, ap\u00f3s esse trabalho de restaura\u00e7\u00e3o, os gestores p\u00fablicos assegurem a preserva\u00e7\u00e3o desses marcos na hist\u00f3ria da cidade e do estado e a popula\u00e7\u00e3o fiscalize e cobre a manuten\u00e7\u00e3o deste patrim\u00f4nio. A docente acrescentou que a perspectiva \u00e9 que esse trabalho tenha contribu\u00eddo para uma nova rela\u00e7\u00e3o entre cidad\u00e3os e o patrim\u00f4nio cultural local.<\/p>\n<p>\u201cAcreditando na for\u00e7a da Hist\u00f3ria e no poder da Educa\u00e7\u00e3o no processo de forma\u00e7\u00e3o de uma consci\u00eancia cidad\u00e3, atuamos no sentido de estreitar a rela\u00e7\u00e3o de parte da popula\u00e7\u00e3o da Para\u00edba com o seu patrim\u00f4nio cultural, de ressignificar a mem\u00f3ria de 1817, de reconhecer nosso protagonismo na Hist\u00f3ria e fortalecer a autoestima paraibana\u201d, avaliou professora Eliete.<\/p>\n","protected":false},"excerpt":{"rendered":"<p>Iniciado em 2012, o projeto de extens\u00e3o \u201cAntes que se apague completamente: mem\u00f3ria e patrim\u00f4nio da Revolu\u00e7\u00e3o de 1817 na Para\u00edba\u201d, realizado por meio de um conv\u00eanio estabelecido entre a Universidade Estadual da Para\u00edba (UEPB) e o Minist\u00e9rio da Justi\u00e7a, encerra suas atividades com a distribui\u00e7\u00e3o do livro que re\u00fane o resultado das pesquisas e <a class=\"leiamais\" href=\"https:\/\/centros.uepb.edu.br\/ccbsa\/livro-que-e-resultado-de-projeto-do-ccbsa-e-distribuido-em-bibliotecas-e-escolas-publicas-de-joao-pessoa\/\">Leia Mais&#8230;<\/a><\/p>\n","protected":false},"author":8,"featured_media":1701,"comment_status":"open","ping_status":"open","sticky":false,"template":"","format":"standard","meta":{"footnotes":""},"categories":[3,5],"tags":[],"class_list":["post-1700","post","type-post","status-publish","format-standard","has-post-thumbnail","hentry","category-noticias","category-visiveis"],"jetpack_featured_media_url":"https:\/\/centros.uepb.edu.br\/ccbsa\/files\/2014\/04\/ANTES-Q-SE-APAGUEED.jpg","_links":{"self":[{"href":"https:\/\/centros.uepb.edu.br\/ccbsa\/wp-json\/wp\/v2\/posts\/1700","targetHints":{"allow":["GET"]}}],"collection":[{"href":"https:\/\/centros.uepb.edu.br\/ccbsa\/wp-json\/wp\/v2\/posts"}],"about":[{"href":"https:\/\/centros.uepb.edu.br\/ccbsa\/wp-json\/wp\/v2\/types\/post"}],"author":[{"embeddable":true,"href":"https:\/\/centros.uepb.edu.br\/ccbsa\/wp-json\/wp\/v2\/users\/8"}],"replies":[{"embeddable":true,"href":"https:\/\/centros.uepb.edu.br\/ccbsa\/wp-json\/wp\/v2\/comments?post=1700"}],"version-history":[{"count":0,"href":"https:\/\/centros.uepb.edu.br\/ccbsa\/wp-json\/wp\/v2\/posts\/1700\/revisions"}],"wp:featuredmedia":[{"embeddable":true,"href":"https:\/\/centros.uepb.edu.br\/ccbsa\/wp-json\/wp\/v2\/media\/1701"}],"wp:attachment":[{"href":"https:\/\/centros.uepb.edu.br\/ccbsa\/wp-json\/wp\/v2\/media?parent=1700"}],"wp:term":[{"taxonomy":"category","embeddable":true,"href":"https:\/\/centros.uepb.edu.br\/ccbsa\/wp-json\/wp\/v2\/categories?post=1700"},{"taxonomy":"post_tag","embeddable":true,"href":"https:\/\/centros.uepb.edu.br\/ccbsa\/wp-json\/wp\/v2\/tags?post=1700"}],"curies":[{"name":"wp","href":"https:\/\/api.w.org\/{rel}","templated":true}]}}