{"id":1696,"date":"2014-04-14T13:07:09","date_gmt":"2014-04-14T13:07:09","guid":{"rendered":"\/ccbsa\/?p=1696"},"modified":"2014-04-14T13:07:09","modified_gmt":"2014-04-14T13:07:09","slug":"6a-edicao-do-mundi-e-encerrada-com-a-participacao-de-estudantes-de-todo-o-nordeste","status":"publish","type":"post","link":"https:\/\/centros.uepb.edu.br\/ccbsa\/6a-edicao-do-mundi-e-encerrada-com-a-participacao-de-estudantes-de-todo-o-nordeste\/","title":{"rendered":"6\u00aa edi\u00e7\u00e3o do MUNDI \u00e9 encerrada com a participa\u00e7\u00e3o de estudantes de todo o Nordeste"},"content":{"rendered":"<p><a href=\"http:\/\/centros.ascom.uepb.edu.br\/ccbsa\/files\/2014\/04\/DSC_0087.jpg\"><img loading=\"lazy\" decoding=\"async\" class=\"alignleft size-thumbnail wp-image-1697 img-responsive\" alt=\"DSC_0087\" src=\"http:\/\/centros.ascom.uepb.edu.br\/ccbsa\/files\/2014\/04\/DSC_0087-150x150.jpg\" width=\"150\" height=\"150\" \/><\/a>Com a participa\u00e7\u00e3o de mais 150 estudantes de todo o Nordeste, foi encerrada na \u00faltima sexta-feira (11), em Jo\u00e3o Pessoa, a 6\u00aa edi\u00e7\u00e3o do Modelo Universit\u00e1rio de Diplomacia (MUNDI) evento vinculado ao projeto de extens\u00e3o hom\u00f4nimo, desenvolvido por estudantes da gradua\u00e7\u00e3o em Rela\u00e7\u00f5es Internacionais do Campus V da Universidade Estadual da Para\u00edba (UEPB).<\/p>\n<p>Nesta edi\u00e7\u00e3o do evento, foram realizados os comit\u00eas simulados: <a href=\"http:\/\/centros.ascom.uepb.edu.br\/ccbsa\/files\/2014\/04\/DSC_00971.jpg\"><img loading=\"lazy\" decoding=\"async\" class=\"alignright size-thumbnail wp-image-1698 img-responsive\" alt=\"DSC_0097(1)\" src=\"http:\/\/centros.ascom.uepb.edu.br\/ccbsa\/files\/2014\/04\/DSC_00971-150x150.jpg\" width=\"150\" height=\"150\" \/><\/a>\u201cOrganiza\u00e7\u00e3o Mundial da Sa\u00fade (OMS)\u201d, que simulou o tema \u201cMortalidade na Inf\u00e2ncia: promo\u00e7\u00e3o de a\u00e7\u00f5es conjuntas contra a desnutri\u00e7\u00e3o na \u00c1frica\u201d; \u201cConfer\u00eancia Monet\u00e1ria de Bretton Woods\u201d, que abordou o tema \u201cResolu\u00e7\u00e3o de assimetrias associadas \u00e0 cria\u00e7\u00e3o de institui\u00e7\u00f5es financeiras\u201d; \u201cF\u00e9d\u00e9ration Internacionale de Football Association (FIFA)\u201d,\u00a0 simulado totalmente em ingl\u00eas com a tem\u00e1tica \u201cFair Play: Promotion of Human Security in the Qatar 2022 World Cup\u201d, ou seja, foi abordada a seguran\u00e7a humana na Copa do Qatar em 2022; \u201cComit\u00ea de Imprensa Internacional (CII)\u201d, uma simula\u00e7\u00e3o dos jornais reais Clar\u00edn (Argentina) e o Le Monde Diplomatique (Fran\u00e7a),\u00a0 os ve\u00edculos de m\u00eddia impressa e a ag\u00eancia fict\u00edcia do evento, al\u00e9m do Mundi News \u2013 jornal televisivo.<\/p>\n<p><strong>Sobre o MUNDI<\/strong><\/p>\n<p>Voltado a estudantes de ensino superior da UEPB e outras Institui\u00e7\u00f5es de Ensino Superior, o MUNDI tem o objetivo de recriar o ambiente de Organiza\u00e7\u00f5es Internacionais. S\u00e3o aplicadas as mesmas regras procedimentais de conduta, passando pelo c\u00f3digo de vestimenta, at\u00e9 a representa\u00e7\u00e3o mais fidedigna poss\u00edvel da pol\u00edtica de cada delega\u00e7\u00e3o.<\/p>\n<p>A simula\u00e7\u00e3o \u00e9 destinada a v\u00e1rias \u00e1reas do conhecimento, como as Rela\u00e7\u00f5es Internacionais, o Direito, dentre outros cursos que tenham como \u00e1rea de trabalho o ramo das negocia\u00e7\u00f5es internacionais, al\u00e9m de cursos de comunica\u00e7\u00e3o como Jornalismo e Publicidade, pois al\u00e9m dos comit\u00eas acad\u00eamicos o MUNDI tamb\u00e9m simula o Comit\u00ea de Imprensa Internacional, no qual os participantes atuam como jornalistas e realizam a cobertura jornal\u00edstica dos comit\u00eas acad\u00eamicos.<\/p>\n<p>A atividade permite uma abrangente discuss\u00e3o sobre tem\u00e1ticas que constantemente permeiam a agenda internacional tornando-se uma experi\u00eancia pr\u00e1tica a partir da teoria que os alunos aprendem ao longo da vida acad\u00eamica.<\/p>\n","protected":false},"excerpt":{"rendered":"<p>Com a participa\u00e7\u00e3o de mais 150 estudantes de todo o Nordeste, foi encerrada na \u00faltima sexta-feira (11), em Jo\u00e3o Pessoa, a 6\u00aa edi\u00e7\u00e3o do Modelo Universit\u00e1rio de Diplomacia (MUNDI) evento vinculado ao projeto de extens\u00e3o hom\u00f4nimo, desenvolvido por estudantes da gradua\u00e7\u00e3o em Rela\u00e7\u00f5es Internacionais do Campus V da Universidade Estadual da Para\u00edba (UEPB). Nesta edi\u00e7\u00e3o <a class=\"leiamais\" href=\"https:\/\/centros.uepb.edu.br\/ccbsa\/6a-edicao-do-mundi-e-encerrada-com-a-participacao-de-estudantes-de-todo-o-nordeste\/\">Leia Mais&#8230;<\/a><\/p>\n","protected":false},"author":8,"featured_media":1697,"comment_status":"open","ping_status":"open","sticky":false,"template":"","format":"standard","meta":{"footnotes":""},"categories":[6],"tags":[],"class_list":["post-1696","post","type-post","status-publish","format-standard","has-post-thumbnail","hentry","category-slide"],"jetpack_featured_media_url":"https:\/\/centros.uepb.edu.br\/ccbsa\/files\/2014\/04\/DSC_0087.jpg","_links":{"self":[{"href":"https:\/\/centros.uepb.edu.br\/ccbsa\/wp-json\/wp\/v2\/posts\/1696","targetHints":{"allow":["GET"]}}],"collection":[{"href":"https:\/\/centros.uepb.edu.br\/ccbsa\/wp-json\/wp\/v2\/posts"}],"about":[{"href":"https:\/\/centros.uepb.edu.br\/ccbsa\/wp-json\/wp\/v2\/types\/post"}],"author":[{"embeddable":true,"href":"https:\/\/centros.uepb.edu.br\/ccbsa\/wp-json\/wp\/v2\/users\/8"}],"replies":[{"embeddable":true,"href":"https:\/\/centros.uepb.edu.br\/ccbsa\/wp-json\/wp\/v2\/comments?post=1696"}],"version-history":[{"count":0,"href":"https:\/\/centros.uepb.edu.br\/ccbsa\/wp-json\/wp\/v2\/posts\/1696\/revisions"}],"wp:featuredmedia":[{"embeddable":true,"href":"https:\/\/centros.uepb.edu.br\/ccbsa\/wp-json\/wp\/v2\/media\/1697"}],"wp:attachment":[{"href":"https:\/\/centros.uepb.edu.br\/ccbsa\/wp-json\/wp\/v2\/media?parent=1696"}],"wp:term":[{"taxonomy":"category","embeddable":true,"href":"https:\/\/centros.uepb.edu.br\/ccbsa\/wp-json\/wp\/v2\/categories?post=1696"},{"taxonomy":"post_tag","embeddable":true,"href":"https:\/\/centros.uepb.edu.br\/ccbsa\/wp-json\/wp\/v2\/tags?post=1696"}],"curies":[{"name":"wp","href":"https:\/\/api.w.org\/{rel}","templated":true}]}}