{"id":1690,"date":"2014-04-14T12:49:18","date_gmt":"2014-04-14T12:49:18","guid":{"rendered":"\/ccbsa\/?p=1690"},"modified":"2014-04-14T12:49:18","modified_gmt":"2014-04-14T12:49:18","slug":"semana-academica-de-arquivologia-e-encerrada-com-discussao-sobre-memoria-e-patrimonio-cultural","status":"publish","type":"post","link":"https:\/\/centros.uepb.edu.br\/ccbsa\/semana-academica-de-arquivologia-e-encerrada-com-discussao-sobre-memoria-e-patrimonio-cultural\/","title":{"rendered":"Semana Acad\u00eamica de Arquivologia \u00e9 encerrada com discuss\u00e3o sobre mem\u00f3ria e patrim\u00f4nio cultural"},"content":{"rendered":"<p><a href=\"http:\/\/centros.ascom.uepb.edu.br\/ccbsa\/files\/2014\/04\/20140411_201757MOD.jpg\"><img loading=\"lazy\" decoding=\"async\" class=\"alignleft size-thumbnail wp-image-1692 img-responsive\" alt=\"20140411_201757MOD\" src=\"http:\/\/centros.ascom.uepb.edu.br\/ccbsa\/files\/2014\/04\/20140411_201757MOD-150x150.jpg\" width=\"150\" height=\"150\" \/><\/a>Palestras, lan\u00e7amento de livro, minicursos, oficina e apresenta\u00e7\u00f5es culturais, com a presen\u00e7a de discentes, docentes, profissionais e pesquisadores, marcaram a 1\u00aa Semana Acad\u00eamica de Arquivologia da Universidade Estadual da Para\u00edba, realizada de 9 a 11 de abril, no Campus V da UEPB, em Jo\u00e3o Pessoa.<\/p>\n<p>A palestra de encerramento do evento \u201cMem\u00f3ria: patrim\u00f4nio cultural e social\u201d, contou com a participa\u00e7\u00e3o do servidor do Tribunal Regional do Trabalho e secret\u00e1rio da Comiss\u00e3o Permanente de Avalia\u00e7\u00e3o de Documentos do TRT \u2013 13\u00aa Regi\u00e3o, Raimundo Normando Monteiro; do juiz do Tribunal de Justi\u00e7a da Para\u00edba, escritor e pesquisador da obra de Luiz Gonzaga, Onaldo Queiroga e do cantor, compositor, cordelista e membro da Associa\u00e7\u00e3o Brasileira de Cordel, Beto Brito. A mediadora dos debates foi a docente do Campus V, Manuela Maia.<\/p>\n<p>Na oportunidade, Raimundo Normando, fez uma apresenta\u00e7\u00e3o sobre a mem\u00f3ria da justi\u00e7a do trabalho na Para\u00edba e do Brasil, discutiu a Lei 7.627, que disp\u00f5e sobre a elimina\u00e7\u00e3o de documentos da Justi\u00e7a do Trabalho, e tratou da parceria entre TRT e UEPB, inicialmente com o Campus de Guarabira, e que, em breve, ser\u00e1 ampliada para o Campus de Jo\u00e3o Pessoa. O conv\u00eanio possibilita a doa\u00e7\u00e3o de processos hist\u00f3ricos movidos na Justi\u00e7a do Trabalho na Para\u00edba a partir da segunda metade do s\u00e9culo XX, facilitando o desenvolvimento de estudos das rela\u00e7\u00f5es produtivas, condi\u00e7\u00f5es de trabalho e quest\u00f5es trabalhistas em diversos setores produtivos.<\/p>\n<p>J\u00e1 o juiz e escritor Onaldo Queiroga, trouxe a defini\u00e7\u00e3o e a import\u00e2ncia<a href=\"http:\/\/centros.ascom.uepb.edu.br\/ccbsa\/files\/2014\/04\/20140411_203645ED.jpg\"><img loading=\"lazy\" decoding=\"async\" class=\"alignright size-thumbnail wp-image-1693 img-responsive\" alt=\"20140411_203645ED\" src=\"http:\/\/centros.ascom.uepb.edu.br\/ccbsa\/files\/2014\/04\/20140411_203645ED-150x150.jpg\" width=\"150\" height=\"150\" \/><\/a> cultural e social da preserva\u00e7\u00e3o da mem\u00f3ria, suscitou uma reflex\u00e3o sobre o papel da sociedade e das autoridades constitu\u00eddas nesta perspectiva e fez um breve relato das a\u00e7\u00f5es do TJ-PB para a preserva\u00e7\u00e3o da cultura e patrim\u00f4nio do povo paraibano, presente nos documentos que integram os arquivos da institui\u00e7\u00e3o.<\/p>\n<p>\u201cUm povo que n\u00e3o preserva sua cultura no futuro ser\u00e1 um povo sem identidade. Portanto, \u00e9 preciso que, desde j\u00e1, haja uma consci\u00eancia de que a sociedade tamb\u00e9m precisa fazer o seu papel, n\u00e3o apenas relegando \u00e0s autoridades essa responsabilidade, mas, assumindo um novo comportamento ativo, valorizando e cobrando a\u00e7\u00f5es de preserva\u00e7\u00e3o da mem\u00f3ria\u201d, avaliou o magistrado.<\/p>\n<p>Na sequ\u00eancia o cordelista Beto Brito, apresentou a perspectiva\u00a0 de um novo modelo de cordel, denominado universal, destacou a trajet\u00f3ria do folheto na m\u00fasica, no teatro e no cinema, e exp\u00f4s elementos que podem agregar valor a esse elemento caracter\u00edstico da cultural nordestina. De acordo com Beto Brito \u201cn\u00e3o h\u00e1 como se discutir a hist\u00f3ria do Nordeste sem abordar a literatura de cordel, e a preserva\u00e7\u00e3o da mem\u00f3ria e patrim\u00f4nio do povo nordestino requer essa apropria\u00e7\u00e3o desta vertente representativa da cultura popular\u201d.<\/p>\n<p><a href=\"http:\/\/centros.ascom.uepb.edu.br\/ccbsa\/files\/2014\/04\/10262083_445002558976550_1112391418449151001_n.jpg\"><img loading=\"lazy\" decoding=\"async\" class=\"alignleft size-thumbnail wp-image-1694 img-responsive\" alt=\"10262083_445002558976550_1112391418449151001_n\" src=\"http:\/\/centros.ascom.uepb.edu.br\/ccbsa\/files\/2014\/04\/10262083_445002558976550_1112391418449151001_n-150x150.jpg\" width=\"150\" height=\"150\" \/><\/a>Ap\u00f3s a palestra foi realizada a apresenta\u00e7\u00e3o da \u201cArquibanda\u201d, grupo musical formado pelo professor Henrique Fran\u00e7a e estudantes do curso de Arquivologia da UEPB, que conta com um repert\u00f3rio formado por can\u00e7\u00f5es autorais e vers\u00f5es de cl\u00e1ssicos do pop\/rock nacional. Na ocasi\u00e3o, a apresenta\u00e7\u00e3o do grupo contou com a participa\u00e7\u00e3o especial do m\u00fasico Beto Brito.<\/p>\n<p>Foram sorteados livros e cds doados pelos palestrantes e parceiros do evento. A Semana Acad\u00eamica de Arquivologia foi promovida pelo Centro Acad\u00eamico de Arquivologia (CAARQ) e a partir de agora dever\u00e1 tornar-se uma atividade semestral. O coordenador do CAARQ, Bruno Pereira, destacou a satisfa\u00e7\u00e3o dos estudantes com a realiza\u00e7\u00e3o do evento que, segundo ele, contou com uma grande participa\u00e7\u00e3o da comunidade acad\u00eamica de Arquivologia com discuss\u00f5es relevantes nas variadas vertentes que comp\u00f5em a arquiv\u00edstica.<\/p>\n<p>\u201cApesar do pouco tempo de divulga\u00e7\u00e3o, tivemos um n\u00famero recorde de inscritos e s\u00f3 n\u00e3o contamos com mais estudantes, inclusive de outras universidades participando, por conta da limita\u00e7\u00e3o do espa\u00e7o. N\u00e3o esper\u00e1vamos toda a repercuss\u00e3o positiva e j\u00e1 nos programamos para tornar esse evento uma atividade semestral, com tem\u00e1ticas diferentes na \u00e1rea de Arquivologia a serem abordadas a cada edi\u00e7\u00e3o\u201d, explicou.<\/p>\n","protected":false},"excerpt":{"rendered":"<p>Palestras, lan\u00e7amento de livro, minicursos, oficina e apresenta\u00e7\u00f5es culturais, com a presen\u00e7a de discentes, docentes, profissionais e pesquisadores, marcaram a 1\u00aa Semana Acad\u00eamica de Arquivologia da Universidade Estadual da Para\u00edba, realizada de 9 a 11 de abril, no Campus V da UEPB, em Jo\u00e3o Pessoa. A palestra de encerramento do evento \u201cMem\u00f3ria: patrim\u00f4nio cultural e <a class=\"leiamais\" href=\"https:\/\/centros.uepb.edu.br\/ccbsa\/semana-academica-de-arquivologia-e-encerrada-com-discussao-sobre-memoria-e-patrimonio-cultural\/\">Leia Mais&#8230;<\/a><\/p>\n","protected":false},"author":8,"featured_media":1691,"comment_status":"open","ping_status":"open","sticky":false,"template":"","format":"standard","meta":{"footnotes":""},"categories":[6],"tags":[],"class_list":["post-1690","post","type-post","status-publish","format-standard","has-post-thumbnail","hentry","category-slide"],"jetpack_featured_media_url":"https:\/\/centros.uepb.edu.br\/ccbsa\/files\/2014\/04\/20140411_200442ED.jpg","_links":{"self":[{"href":"https:\/\/centros.uepb.edu.br\/ccbsa\/wp-json\/wp\/v2\/posts\/1690","targetHints":{"allow":["GET"]}}],"collection":[{"href":"https:\/\/centros.uepb.edu.br\/ccbsa\/wp-json\/wp\/v2\/posts"}],"about":[{"href":"https:\/\/centros.uepb.edu.br\/ccbsa\/wp-json\/wp\/v2\/types\/post"}],"author":[{"embeddable":true,"href":"https:\/\/centros.uepb.edu.br\/ccbsa\/wp-json\/wp\/v2\/users\/8"}],"replies":[{"embeddable":true,"href":"https:\/\/centros.uepb.edu.br\/ccbsa\/wp-json\/wp\/v2\/comments?post=1690"}],"version-history":[{"count":0,"href":"https:\/\/centros.uepb.edu.br\/ccbsa\/wp-json\/wp\/v2\/posts\/1690\/revisions"}],"wp:featuredmedia":[{"embeddable":true,"href":"https:\/\/centros.uepb.edu.br\/ccbsa\/wp-json\/wp\/v2\/media\/1691"}],"wp:attachment":[{"href":"https:\/\/centros.uepb.edu.br\/ccbsa\/wp-json\/wp\/v2\/media?parent=1690"}],"wp:term":[{"taxonomy":"category","embeddable":true,"href":"https:\/\/centros.uepb.edu.br\/ccbsa\/wp-json\/wp\/v2\/categories?post=1690"},{"taxonomy":"post_tag","embeddable":true,"href":"https:\/\/centros.uepb.edu.br\/ccbsa\/wp-json\/wp\/v2\/tags?post=1690"}],"curies":[{"name":"wp","href":"https:\/\/api.w.org\/{rel}","templated":true}]}}