{"id":1688,"date":"2014-04-14T11:35:36","date_gmt":"2014-04-14T11:35:36","guid":{"rendered":"\/ccbsa\/?p=1688"},"modified":"2014-04-14T11:35:36","modified_gmt":"2014-04-14T11:35:36","slug":"direcao-do-ensino-medio-emite-nota-de-pesar-pelo-falecimento-de-servidor-da-escola-jose-lins-do-rego","status":"publish","type":"post","link":"https:\/\/centros.uepb.edu.br\/ccbsa\/direcao-do-ensino-medio-emite-nota-de-pesar-pelo-falecimento-de-servidor-da-escola-jose-lins-do-rego\/","title":{"rendered":"Dire\u00e7\u00e3o do ensino m\u00e9dio emite nota de pesar pelo falecimento de servidor da Escola Jos\u00e9 Lins do R\u00eago"},"content":{"rendered":"<p>Luto<br \/>\nA dire\u00e7\u00e3o da Escola Jos\u00e9 Lins do R\u00eago, que integra o Campus V da Universidade Estadual da Para\u00edba, comunica a toda comunidade acad\u00eamica, com profundo pesar, o falecimento do vigilante Minervino Ardilo de Moura, ocorrido neste domingo, 13 de abril.<\/p>\n<p>Ao mesmo tempo, convida todos da comunidade escolar a se fazerem presentes ao sepultamento que\u00a0 ocorrer\u00e1 nesta segunda-feira (14), a partir das 10h, no Cemit\u00e9rio do Cristo Redentor. Servidor dedicado Minervino era conhecido por todos da Escola Jos\u00e9 Lins do R\u00eago, com mais de 20 anos de servi\u00e7os prestados. Neste momento de dor e sofrimento, a comunidade escolar presta sua solidariedade \u00e0 fam\u00edlia enlutada.<\/p>\n","protected":false},"excerpt":{"rendered":"<p>Luto A dire\u00e7\u00e3o da Escola Jos\u00e9 Lins do R\u00eago, que integra o Campus V da Universidade Estadual da Para\u00edba, comunica a toda comunidade acad\u00eamica, com profundo pesar, o falecimento do vigilante Minervino Ardilo de Moura, ocorrido neste domingo, 13 de abril. Ao mesmo tempo, convida todos da comunidade escolar a se fazerem presentes ao sepultamento <a class=\"leiamais\" href=\"https:\/\/centros.uepb.edu.br\/ccbsa\/direcao-do-ensino-medio-emite-nota-de-pesar-pelo-falecimento-de-servidor-da-escola-jose-lins-do-rego\/\">Leia Mais&#8230;<\/a><\/p>\n","protected":false},"author":8,"featured_media":0,"comment_status":"open","ping_status":"open","sticky":false,"template":"","format":"standard","meta":{"footnotes":""},"categories":[3,5],"tags":[],"class_list":["post-1688","post","type-post","status-publish","format-standard","hentry","category-noticias","category-visiveis"],"jetpack_featured_media_url":"","_links":{"self":[{"href":"https:\/\/centros.uepb.edu.br\/ccbsa\/wp-json\/wp\/v2\/posts\/1688","targetHints":{"allow":["GET"]}}],"collection":[{"href":"https:\/\/centros.uepb.edu.br\/ccbsa\/wp-json\/wp\/v2\/posts"}],"about":[{"href":"https:\/\/centros.uepb.edu.br\/ccbsa\/wp-json\/wp\/v2\/types\/post"}],"author":[{"embeddable":true,"href":"https:\/\/centros.uepb.edu.br\/ccbsa\/wp-json\/wp\/v2\/users\/8"}],"replies":[{"embeddable":true,"href":"https:\/\/centros.uepb.edu.br\/ccbsa\/wp-json\/wp\/v2\/comments?post=1688"}],"version-history":[{"count":0,"href":"https:\/\/centros.uepb.edu.br\/ccbsa\/wp-json\/wp\/v2\/posts\/1688\/revisions"}],"wp:attachment":[{"href":"https:\/\/centros.uepb.edu.br\/ccbsa\/wp-json\/wp\/v2\/media?parent=1688"}],"wp:term":[{"taxonomy":"category","embeddable":true,"href":"https:\/\/centros.uepb.edu.br\/ccbsa\/wp-json\/wp\/v2\/categories?post=1688"},{"taxonomy":"post_tag","embeddable":true,"href":"https:\/\/centros.uepb.edu.br\/ccbsa\/wp-json\/wp\/v2\/tags?post=1688"}],"curies":[{"name":"wp","href":"https:\/\/api.w.org\/{rel}","templated":true}]}}