{"id":1674,"date":"2014-04-10T12:59:39","date_gmt":"2014-04-10T12:59:39","guid":{"rendered":"\/ccbsa\/?p=1674"},"modified":"2014-04-10T12:59:39","modified_gmt":"2014-04-10T12:59:39","slug":"semana-academica-de-arquivologia-prossegue-com-lancamento-de-livro-e-palestra","status":"publish","type":"post","link":"https:\/\/centros.uepb.edu.br\/ccbsa\/semana-academica-de-arquivologia-prossegue-com-lancamento-de-livro-e-palestra\/","title":{"rendered":"Semana Acad\u00eamica de Arquivologia prossegue com lan\u00e7amento de livro e palestra"},"content":{"rendered":"<p><a href=\"http:\/\/centros.ascom.uepb.edu.br\/ccbsa\/files\/2014\/04\/DSC041321.jpg\"><img loading=\"lazy\" decoding=\"async\" class=\"alignleft size-thumbnail wp-image-1677 img-responsive\" alt=\"DSC04132\" src=\"http:\/\/centros.ascom.uepb.edu.br\/ccbsa\/files\/2014\/04\/DSC041321-150x150.jpg\" width=\"150\" height=\"150\" \/><\/a>O lan\u00e7amento do livro \u201cSemin\u00e1rios de saberes arquiv\u00edsticos: Pr\u00e1ticas de Leitura e Escrita na Universidade\u201d, e a palestra \u201cArquivologia e suas m\u00faltiplas abordagens na sociedade da informa\u00e7\u00e3o\u201d marcaram a primeira noite da Semana Acad\u00eamica de Arquivologia da Universidade Estadual da Para\u00edba, nesta quarta-feira (10).<\/p>\n<p>A mesa de discuss\u00e3o foi composta pela coordenadora do curso de <a href=\"http:\/\/centros.ascom.uepb.edu.br\/ccbsa\/files\/2014\/04\/DSC041351.jpg\"><img loading=\"lazy\" decoding=\"async\" class=\"alignright size-thumbnail wp-image-1678 img-responsive\" alt=\"DSC04135\" src=\"http:\/\/centros.ascom.uepb.edu.br\/ccbsa\/files\/2014\/04\/DSC041351-150x150.jpg\" width=\"150\" height=\"150\" \/><\/a>Arquivologia da UEPB, professora Maria Jos\u00e9 Cordeiro de Lima, pelos docentes do referido bacharelado, Eliete Correia dos Santos, Francinete Fernandes, Esmeralda Porf\u00edrio, Josemar Henrique e pelo arquivista egresso da UEPB, Josivan Ferreira.<\/p>\n<p>A obra \u201cSemin\u00e1rios de saberes arquiv\u00edsticos: Pr\u00e1ticas de Leitura e Escrita na Universidade\u201d foi organizadas pelas professoras da Universidade Estadual da Para\u00edba, Eliete Correia e Francinete Fernandes e re\u00fane textos produzidos por discentes do curso de Arquivologia.<\/p>\n<p>O pr\u00e9-lan\u00e7amento do livro ocorreu durante as festividades de sete anos do Campus V da UEPB, em agosto de 2013, em setembro, foi realizado o lan\u00e7amento oficial do livro, em Jo\u00e3o Pessoa, durante a \u201cMostra Mem\u00f3ria do IFPB\u201d e no m\u00eas de outubro foi realizado o lan\u00e7amento internacional. Este \u00e9 o primeiro volume da colet\u00e2nea \u201cInterfaces do aprendizado na Universidade\u201d, da Editora Appris, e re\u00fane textos, produzidos de 2007 a 2010, por estudantes e arquivistas, egressos do curso de Arquivologia da UEPB.<\/p>\n<p>O livro \u00e9 o resultado de um trabalho iniciado pela professora Eliete Correia a partir da experi\u00eancia nas aulas dos componentes curriculares \u201cOficina de Textos I e II\u201d, do curso de Arquivologia.\u00a0 \u201cAo introduzirmos o estudo dos g\u00eaneros acad\u00eamicos, as discuss\u00f5es dos alunos em sala de aula revelaram as dificuldades tem\u00e1ticas, composicionais e lingu\u00edsticas. A maioria deles apresentou inseguran\u00e7a e medo ao falar em p\u00fablico e ao escrever textos\u201d, <a href=\"http:\/\/centros.ascom.uepb.edu.br\/ccbsa\/files\/2014\/04\/10151807_10202536285066657_2375906192491768762_n.jpg\"><img loading=\"lazy\" decoding=\"async\" class=\"alignleft size-thumbnail wp-image-1679 img-responsive\" alt=\"10151807_10202536285066657_2375906192491768762_n\" src=\"http:\/\/centros.ascom.uepb.edu.br\/ccbsa\/files\/2014\/04\/10151807_10202536285066657_2375906192491768762_n-150x150.jpg\" width=\"150\" height=\"150\" \/><\/a>esclareceu a docente.<\/p>\n<p>Ap\u00f3s a apresenta\u00e7\u00e3o do livro organizado pelas docentes da UEPB foi realizada a palestra \u201cArquivologia e suas m\u00faltiplas abordagens na sociedade da informa\u00e7\u00e3o\u201d, tema abordado pela professora da Universidade Federal da Bahia e doutora em Comunica\u00e7\u00e3o e Cultura Contempor\u00e2nea, Jussara Borges.<\/p>\n<p>Na oportunidade a docente destacou a import\u00e2ncia da comunica\u00e7\u00e3o e do acesso \u00e0 informa\u00e7\u00e3o na atualidade. \u201cEssa \u00e9 uma discuss\u00e3o bastante ampla e complexa. Mas, \u00e9 incontest\u00e1vel que, muitos de nosso problemas pol\u00edticos, por exemplo, est\u00e3o relacionados ao nosso d\u00e9ficit de informa\u00e7\u00e3o\u201d, avaliou.<\/p>\n<p>Na oportunidade, a coordenadora de Arquivologia, professora Maria jos\u00e9, fez uma homenagem \u00e0 professora do Departamento de Ci\u00eancias da Informa\u00e7\u00e3o da UFPB, Jemima Marques, falecida nesta quarta-feira (9).<\/p>\n<p>A Semana Acad\u00eamica de Arquivologia prossegue at\u00e9 a sexta-feira, 11 de abril, com palestras, lan\u00e7amento de livro, minicurso, oficinas, apresenta\u00e7\u00e3o de monografias e atividades culturais.<\/p>\n<p>Dentre os palestrantes est\u00e3o confirmadas as presen\u00e7as do Juiz do Tribunal de Justi\u00e7a da Para\u00edba, Onaldo Rocha de Queiroga; o cantor, compositor e cordelista, Beto Brito; o palestrante e apresentador do programa \u201cPapo Arretado\u201d da RCTV, Beto Chaves; o palestrante e consultor empresarial, Eduardo Ramalho; al\u00e9m de docentes e pesquisadores do bacharelado em Arquivologia da UEPB e arquivistas egressos da UEPB e UFPB.<\/p>\n<p>As atividades s\u00e3o norteadas pelas tem\u00e1ticas: Ci\u00eancia da Informa\u00e7\u00e3o, profissional arquivista, empreendedorismo e mem\u00f3ria, gest\u00e3o p\u00fablica, tecnologia da informa\u00e7\u00e3o e gerenciamento arquiv\u00edstico.<\/p>\n<p>O evento \u00e9 voltado a discentes, docentes e profissionais de Arquivologia e \u00e1reas afins. Durante o evento haver\u00e1 um ponto de arrecada\u00e7\u00e3o de alimentos n\u00e3o perec\u00edveis que ser\u00e3o doados \u00e0 comunidade Riacho Doce, no bairro do Cristo, por meio de uma a\u00e7\u00e3o conjunta com o Projeto Cultural de Paz.<\/p>\n<p>Acesse aqui a programa\u00e7\u00e3o completa do evento.<\/p>\n","protected":false},"excerpt":{"rendered":"<p>O lan\u00e7amento do livro \u201cSemin\u00e1rios de saberes arquiv\u00edsticos: Pr\u00e1ticas de Leitura e Escrita na Universidade\u201d, e a palestra \u201cArquivologia e suas m\u00faltiplas abordagens na sociedade da informa\u00e7\u00e3o\u201d marcaram a primeira noite da Semana Acad\u00eamica de Arquivologia da Universidade Estadual da Para\u00edba, nesta quarta-feira (10). A mesa de discuss\u00e3o foi composta pela coordenadora do curso de <a class=\"leiamais\" href=\"https:\/\/centros.uepb.edu.br\/ccbsa\/semana-academica-de-arquivologia-prossegue-com-lancamento-de-livro-e-palestra\/\">Leia Mais&#8230;<\/a><\/p>\n","protected":false},"author":8,"featured_media":1676,"comment_status":"open","ping_status":"open","sticky":false,"template":"","format":"standard","meta":{"footnotes":""},"categories":[6],"tags":[],"class_list":["post-1674","post","type-post","status-publish","format-standard","has-post-thumbnail","hentry","category-slide"],"jetpack_featured_media_url":"https:\/\/centros.uepb.edu.br\/ccbsa\/files\/2014\/04\/DSC04135.jpg","_links":{"self":[{"href":"https:\/\/centros.uepb.edu.br\/ccbsa\/wp-json\/wp\/v2\/posts\/1674","targetHints":{"allow":["GET"]}}],"collection":[{"href":"https:\/\/centros.uepb.edu.br\/ccbsa\/wp-json\/wp\/v2\/posts"}],"about":[{"href":"https:\/\/centros.uepb.edu.br\/ccbsa\/wp-json\/wp\/v2\/types\/post"}],"author":[{"embeddable":true,"href":"https:\/\/centros.uepb.edu.br\/ccbsa\/wp-json\/wp\/v2\/users\/8"}],"replies":[{"embeddable":true,"href":"https:\/\/centros.uepb.edu.br\/ccbsa\/wp-json\/wp\/v2\/comments?post=1674"}],"version-history":[{"count":0,"href":"https:\/\/centros.uepb.edu.br\/ccbsa\/wp-json\/wp\/v2\/posts\/1674\/revisions"}],"wp:featuredmedia":[{"embeddable":true,"href":"https:\/\/centros.uepb.edu.br\/ccbsa\/wp-json\/wp\/v2\/media\/1676"}],"wp:attachment":[{"href":"https:\/\/centros.uepb.edu.br\/ccbsa\/wp-json\/wp\/v2\/media?parent=1674"}],"wp:term":[{"taxonomy":"category","embeddable":true,"href":"https:\/\/centros.uepb.edu.br\/ccbsa\/wp-json\/wp\/v2\/categories?post=1674"},{"taxonomy":"post_tag","embeddable":true,"href":"https:\/\/centros.uepb.edu.br\/ccbsa\/wp-json\/wp\/v2\/tags?post=1674"}],"curies":[{"name":"wp","href":"https:\/\/api.w.org\/{rel}","templated":true}]}}