{"id":1665,"date":"2014-04-09T15:31:11","date_gmt":"2014-04-09T15:31:11","guid":{"rendered":"\/ccbsa\/?p=1665"},"modified":"2014-04-09T15:31:11","modified_gmt":"2014-04-09T15:31:11","slug":"abertura-da-semana-de-arquivologia-da-uepb-conta-com-discussao-sobre-perspectivas-academicas-e-profissionais","status":"publish","type":"post","link":"https:\/\/centros.uepb.edu.br\/ccbsa\/abertura-da-semana-de-arquivologia-da-uepb-conta-com-discussao-sobre-perspectivas-academicas-e-profissionais\/","title":{"rendered":"Abertura da Semana de Arquivologia da UEPB conta com discuss\u00e3o sobre perspectivas acad\u00eamicas e profissionais"},"content":{"rendered":"<p><a href=\"http:\/\/centros.ascom.uepb.edu.br\/ccbsa\/files\/2014\/04\/DSC04609.jpg\"><img loading=\"lazy\" decoding=\"async\" class=\"alignleft size-thumbnail wp-image-1666 img-responsive\" alt=\"DSC04609\" src=\"http:\/\/centros.ascom.uepb.edu.br\/ccbsa\/files\/2014\/04\/DSC04609-150x150.jpg\" width=\"150\" height=\"150\" \/><\/a>Experi\u00eancias inovadoras, perspectivas de atua\u00e7\u00e3o no campo acad\u00eamico e profissional, esclarecimentos sobre campo de est\u00e1gio, pr\u00e1ticas de consultoria e atua\u00e7\u00e3o em grupos de pesquisa, import\u00e2ncia da participa\u00e7\u00e3o em eventos nacionais e internacionais, foram alguns dos temas discutidos na abertura da\u00a0 1\u00aa Semana Acad\u00eamica de Arquivologia da UEPB, realizada na manh\u00e3 desta quarta-feira (9), no audit\u00f3rio do Campus V da Universidade Estadual da Para\u00edba, em Jo\u00e3o Pessoa.<\/p>\n<p>A mesa de abertura do evento contou com a presen\u00e7a da coordenadora do<a href=\"http:\/\/centros.ascom.uepb.edu.br\/ccbsa\/files\/2014\/04\/DSC04598.jpg\"><img loading=\"lazy\" decoding=\"async\" class=\"alignright size-thumbnail wp-image-1667 img-responsive\" alt=\"DSC04598\" src=\"http:\/\/centros.ascom.uepb.edu.br\/ccbsa\/files\/2014\/04\/DSC04598-150x150.jpg\" width=\"150\" height=\"150\" \/><\/a> curso de Arquivologia, professora Maria Jos\u00e9 Cordeiro de Lima, do diretor do Centro Acad\u00eamico de Arquivologia, Bruno Pereira, da integrante da Executiva Nacional dos Estudantes de Arquivologia e do CAARQ, Adriana Soares, do diretor da Empresa J\u00fanior de Arquivologia, J\u00fanio Felipe de Figueiredo e do arquivista do Campus V da UEPB, Rafael Melo.<\/p>\n<p>Na oportunidade, a professora Maria Jos\u00e9 Cordeiro de Lima, destacou a import\u00e2ncia da realiza\u00e7\u00e3o de eventos que possibilitem discuss\u00f5es na \u00e1rea de Arquivologia num cen\u00e1rio distinto do espa\u00e7o de sala de aula e enfatizou a relev\u00e2ncia da atitude do CAARQ de suscitar debates relevantes para os estudantes. \u201cA coordena\u00e7\u00e3o desde j\u00e1 apoia a iniciativa dos estudantes, que n\u00e3o s\u00f3 se torna relevante por apresentar o curso e as vertentes da \u00e1rea de Arquivologia aos estudantes, especialmente que est\u00e3o ingressando, como permite que docentes e discentes interajam numa perspectiva diferente da <a href=\"http:\/\/centros.ascom.uepb.edu.br\/ccbsa\/files\/2014\/04\/DSC04612OK.jpg\"><img loading=\"lazy\" decoding=\"async\" class=\"alignleft size-thumbnail wp-image-1669 img-responsive\" alt=\"DSC04612OK\" src=\"http:\/\/centros.ascom.uepb.edu.br\/ccbsa\/files\/2014\/04\/DSC04612OK-150x150.jpg\" width=\"150\" height=\"150\" \/><\/a>rela\u00e7\u00e3o em sala de aula\u201d, avaliou.<\/p>\n<p>O coordenador do CAARQ, Bruno Pereira, destacou a satisfa\u00e7\u00e3o dos estudantes com a realiza\u00e7\u00e3o do evento, que, segundo ele contou com uma grande aceita\u00e7\u00e3o da comunidade acad\u00eamica de Arquivologia, e, dever\u00e1 integrar a agenda semestral do curso a partir de agora. \u201cApesar do pouco tempo de divulga\u00e7\u00e3o tivemos um n\u00famero recorde de inscritos, e s\u00f3 n\u00e3o contamos com mais estudantes, inclusive de outras universidades participando por conta da limita\u00e7\u00e3o do espa\u00e7o. N\u00e3o esper\u00e1vamos toda essa repercuss\u00e3o positiva e j\u00e1 nos programamos para tornar esse evento uma atividade semestral, com tem\u00e1ticas diferentes na \u00e1rea de Arquivologia a serem abordadas a cada edi\u00e7\u00e3o\u201d, explica.<\/p>\n<p>A primeira palestra do evento \u201cDi\u00e1logos Arquiv\u00edsticos: compartilhando experi\u00eancias e Perspectivas\u201d.\u00a0 contou com a participa\u00e7\u00e3o do Arquivista do SESC e egresso da UEPB, Josivan Soares Ferreira; do Arquivista do IFPB, Jos\u00e9 Canuto da Silva J\u00fanior; da Arquivista da UFPE, egressa da UEPB e Docente da UEPB, Danielle Alves; do arquivista egresso da UEPB e servidor da Secret\u00e1ria de Sa\u00fade de Jo\u00e3o Pessoa, Everaldo Bezerra Chaves e a arquivista do Senai e graduada pela UEPB, R\u00e9gia F\u00e9lix.<\/p>\n<p>Durante a palestra os arquivistas participantes da mesa apresentaram diversos relatos de experi\u00eancias e pr\u00e1ticas no campo profissional e acad\u00eamico de Arquivologia. Ap\u00f3s as apresenta\u00e7\u00f5es os estudantes puderam fazer questionamentos e esclarecer d\u00favidas sobre a tem\u00e1tica.<\/p>\n<p>A Semana Acad\u00eamica de Arquivologia prossegue at\u00e9 a sexta-feira, 11 de abril, com palestras, lan\u00e7amento de livro, minicurso, oficinas, apresenta\u00e7\u00e3o de monografias e atividades culturais.<\/p>\n<p>Dentre os palestrantes est\u00e3o confirmadas as presen\u00e7as do Juiz do Tribunal de Justi\u00e7a da Para\u00edba, Onaldo Rocha de Queiroga; o cantor, compositor e cordelista, Beto Brito; a professora de Arquivologia UFBA, doutora em Comunica\u00e7\u00e3o e Cultura Contempor\u00e2nea e mestre em Ci\u00eancia da Informa\u00e7\u00e3o, Jussara Borges de Lima; o palestrante e apresentador do programa \u201cPapo Arretado\u201d da RCTV, Beto Chaves; o palestrante e consultor empresarial, Eduardo Ramalho; al\u00e9m de docentes e pesquisadores do bacharelado em Arquivologia da UEPB e arquivistas egressos da UEPB e UFPB.<\/p>\n<p>As atividades s\u00e3o norteadas pelas tem\u00e1ticas: Ci\u00eancia da Informa\u00e7\u00e3o, profissional arquivista, empreendedorismo e mem\u00f3ria, gest\u00e3o p\u00fablica, tecnologia da informa\u00e7\u00e3o e gerenciamento arquiv\u00edstico.<\/p>\n<p>O evento \u00e9 voltado a discentes, docentes e profissionais de Arquivologia e \u00e1reas afins. Durante o evento haver\u00e1 um ponto de arrecada\u00e7\u00e3o de alimentos n\u00e3o perec\u00edveis que ser\u00e3o doados \u00e0 comunidade Riacho Doce, no bairro do Cristo, por meio de uma a\u00e7\u00e3o conjunta com o Projeto Cultural de Paz.<\/p>\n<p>Acesse\u00a0[wpfilebase tag=fileurl id=74 linktext=aqui \/] a programa\u00e7\u00e3o completa do evento.<\/p>\n","protected":false},"excerpt":{"rendered":"<p>Experi\u00eancias inovadoras, perspectivas de atua\u00e7\u00e3o no campo acad\u00eamico e profissional, esclarecimentos sobre campo de est\u00e1gio, pr\u00e1ticas de consultoria e atua\u00e7\u00e3o em grupos de pesquisa, import\u00e2ncia da participa\u00e7\u00e3o em eventos nacionais e internacionais, foram alguns dos temas discutidos na abertura da\u00a0 1\u00aa Semana Acad\u00eamica de Arquivologia da UEPB, realizada na manh\u00e3 desta quarta-feira (9), no audit\u00f3rio <a class=\"leiamais\" href=\"https:\/\/centros.uepb.edu.br\/ccbsa\/abertura-da-semana-de-arquivologia-da-uepb-conta-com-discussao-sobre-perspectivas-academicas-e-profissionais\/\">Leia Mais&#8230;<\/a><\/p>\n","protected":false},"author":8,"featured_media":1666,"comment_status":"open","ping_status":"open","sticky":false,"template":"","format":"standard","meta":{"footnotes":""},"categories":[6],"tags":[],"class_list":["post-1665","post","type-post","status-publish","format-standard","has-post-thumbnail","hentry","category-slide"],"jetpack_featured_media_url":"https:\/\/centros.uepb.edu.br\/ccbsa\/files\/2014\/04\/DSC04609.jpg","_links":{"self":[{"href":"https:\/\/centros.uepb.edu.br\/ccbsa\/wp-json\/wp\/v2\/posts\/1665","targetHints":{"allow":["GET"]}}],"collection":[{"href":"https:\/\/centros.uepb.edu.br\/ccbsa\/wp-json\/wp\/v2\/posts"}],"about":[{"href":"https:\/\/centros.uepb.edu.br\/ccbsa\/wp-json\/wp\/v2\/types\/post"}],"author":[{"embeddable":true,"href":"https:\/\/centros.uepb.edu.br\/ccbsa\/wp-json\/wp\/v2\/users\/8"}],"replies":[{"embeddable":true,"href":"https:\/\/centros.uepb.edu.br\/ccbsa\/wp-json\/wp\/v2\/comments?post=1665"}],"version-history":[{"count":0,"href":"https:\/\/centros.uepb.edu.br\/ccbsa\/wp-json\/wp\/v2\/posts\/1665\/revisions"}],"wp:featuredmedia":[{"embeddable":true,"href":"https:\/\/centros.uepb.edu.br\/ccbsa\/wp-json\/wp\/v2\/media\/1666"}],"wp:attachment":[{"href":"https:\/\/centros.uepb.edu.br\/ccbsa\/wp-json\/wp\/v2\/media?parent=1665"}],"wp:term":[{"taxonomy":"category","embeddable":true,"href":"https:\/\/centros.uepb.edu.br\/ccbsa\/wp-json\/wp\/v2\/categories?post=1665"},{"taxonomy":"post_tag","embeddable":true,"href":"https:\/\/centros.uepb.edu.br\/ccbsa\/wp-json\/wp\/v2\/tags?post=1665"}],"curies":[{"name":"wp","href":"https:\/\/api.w.org\/{rel}","templated":true}]}}