{"id":1655,"date":"2014-04-08T14:01:16","date_gmt":"2014-04-08T14:01:16","guid":{"rendered":"\/ccbsa\/?p=1655"},"modified":"2014-04-08T14:01:16","modified_gmt":"2014-04-08T14:01:16","slug":"modelo-universitario-de-diplomacia-inicia-hoje-e-segue-ate-sexta-feira-com-palestra-e-comites-simulados","status":"publish","type":"post","link":"https:\/\/centros.uepb.edu.br\/ccbsa\/modelo-universitario-de-diplomacia-inicia-hoje-e-segue-ate-sexta-feira-com-palestra-e-comites-simulados\/","title":{"rendered":"Modelo Universit\u00e1rio de Diplomacia inicia hoje e segue at\u00e9 sexta-feira com palestra e comit\u00eas simulados"},"content":{"rendered":"<p><a href=\"http:\/\/centros.ascom.uepb.edu.br\/ccbsa\/files\/2014\/02\/MUNDI.jpg\"><img loading=\"lazy\" decoding=\"async\" class=\"alignleft size-thumbnail wp-image-1452 img-responsive\" alt=\"MUNDI\" src=\"http:\/\/centros.ascom.uepb.edu.br\/ccbsa\/files\/2014\/02\/MUNDI-150x150.jpg\" width=\"150\" height=\"150\" \/><\/a>A 6\u00aa edi\u00e7\u00e3o do Modelo Universit\u00e1rio de Diplomacia (MUNDI) \u2013 evento vinculado ao projeto de extens\u00e3o hom\u00f4nimo, desenvolvido por estudantes da gradua\u00e7\u00e3o em Rela\u00e7\u00f5es Internacionais do Campus V da Universidade Estadual da Para\u00edba (UEPB), tem in\u00edcio nesta ter\u00e7a-feira, 8 de abril, \u00e0s 19h, no Hotel Littoral, em Jo\u00e3o Pessoa, com a palestra \u201cA t\u00e9cnica da simula\u00e7\u00e3o aplicada ao ensino das Rela\u00e7\u00f5es Internacionais: potenciais e limites de uma inova\u00e7\u00e3o pedag\u00f3gica\u201d, a ser ministrada pelo professor Dawisson Bel\u00e9m.<\/p>\n<p>Doutor em Ci\u00eancia Pol\u00edtica pelo Instituto de Estudos Sociais e Pol\u00edticos da Universidade Estadual do Rio de Janeiro e professor de pol\u00edtica internacional da Universidade Federal de Minas Gerais, Dawisson Bel\u00e9m \u00e9 autor de dois livros: \u201cA ONU entre o Passado e o Futuro: A Pol\u00edtica da Autoridade\u201d (Ed. Appris, 2012) e \u201cPol\u00edtica Externa e Democracia no Brasil: Ensaio de Interpreta\u00e7\u00e3o Hist\u00f3rica\u201d (Ed. Unesp, 2013), e de diversos artigos publicados em peri\u00f3dicos cient\u00edficos indexados e ve\u00edculos de imprensa. Sob o financiamento de CNPq e FAPEMIG, coordena atualmente projeto de pesquisa sobre a produ\u00e7\u00e3o da pol\u00edtica externa em sete pa\u00edses da Am\u00e9rica Latina, al\u00e9m de compor equipes de investiga\u00e7\u00e3o cient\u00edfica em outros projetos nacionais e internacionais.<\/p>\n<p>Durante o evento ser\u00e3o realizados os comit\u00eas simulados: \u201cOrganiza\u00e7\u00e3o Mundial da Sa\u00fade (OMS)\u201d, que simular\u00e1 o tema \u201cMortalidade na Inf\u00e2ncia: promo\u00e7\u00e3o de a\u00e7\u00f5es conjuntas contra a desnutri\u00e7\u00e3o na \u00c1frica\u201d; \u201cConfer\u00eancia Monet\u00e1ria de Bretton Woods\u201d, que ser\u00e1 um comit\u00ea hist\u00f3rico e trar\u00e1 o tema \u201cResolu\u00e7\u00e3o de assimetrias associadas \u00e0 cria\u00e7\u00e3o de institui\u00e7\u00f5es financeiras\u201d; \u201cF\u00e9d\u00e9ration Internacionale de Football Association (FIFA)\u201d, que ser\u00e1 simulado totalmente em ingl\u00eas e ter\u00e1 como tem\u00e1tica \u201cFair Play: Promotion of Human Security in the Qatar 2022 World Cup\u201d, ou seja, ser\u00e1 abordada a seguran\u00e7a humana na Copa do Qatar em 2022; \u201cComit\u00ea de Imprensa Internacional (CII)\u201d, uma simula\u00e7\u00e3o dos jornais reais Clar\u00edn (Argentina) e o Le Monde Diplomatique (Fran\u00e7a), que ser\u00e3o os ve\u00edculos de m\u00eddia impressa e a ag\u00eancia fict\u00edcia do evento, al\u00e9m do Mundi News \u2013 jornal televisivo.<\/p>\n<p>Voltado a estudantes de ensino superior da UEPB e outras Institui\u00e7\u00f5es de Ensino Superior, o MUNDI tem o objetivo de recriar o ambiente de Organiza\u00e7\u00f5es Internacionais. S\u00e3o aplicadas as mesmas regras procedimentais de conduta, passando pelo c\u00f3digo de vestimenta, at\u00e9 a representa\u00e7\u00e3o mais fidedigna poss\u00edvel da pol\u00edtica de cada delega\u00e7\u00e3o.<\/p>\n<p>A simula\u00e7\u00e3o \u00e9 destinada a v\u00e1rias \u00e1reas do conhecimento, como as Rela\u00e7\u00f5es Internacionais, o Direito, dentre outros cursos que tenham como \u00e1rea de trabalho o ramo das negocia\u00e7\u00f5es internacionais, al\u00e9m de cursos de comunica\u00e7\u00e3o como Jornalismo e Publicidade, pois al\u00e9m dos comit\u00eas acad\u00eamicos o MUNDI tamb\u00e9m simula o Comit\u00ea de Imprensa Internacional, no qual os participantes atuam como jornalistas e realizam a cobertura jornal\u00edstica dos comit\u00eas acad\u00eamicos.<\/p>\n<p>A atividade permite uma abrangente discuss\u00e3o sobre tem\u00e1ticas que constantemente permeiam a agenda internacional tornando-se uma experi\u00eancia pr\u00e1tica a partir da teoria que os alunos aprendem ao longo da vida acad\u00eamica.<\/p>\n","protected":false},"excerpt":{"rendered":"<p>A 6\u00aa edi\u00e7\u00e3o do Modelo Universit\u00e1rio de Diplomacia (MUNDI) \u2013 evento vinculado ao projeto de extens\u00e3o hom\u00f4nimo, desenvolvido por estudantes da gradua\u00e7\u00e3o em Rela\u00e7\u00f5es Internacionais do Campus V da Universidade Estadual da Para\u00edba (UEPB), tem in\u00edcio nesta ter\u00e7a-feira, 8 de abril, \u00e0s 19h, no Hotel Littoral, em Jo\u00e3o Pessoa, com a palestra \u201cA t\u00e9cnica da <a class=\"leiamais\" href=\"https:\/\/centros.uepb.edu.br\/ccbsa\/modelo-universitario-de-diplomacia-inicia-hoje-e-segue-ate-sexta-feira-com-palestra-e-comites-simulados\/\">Leia Mais&#8230;<\/a><\/p>\n","protected":false},"author":8,"featured_media":1452,"comment_status":"open","ping_status":"open","sticky":false,"template":"","format":"standard","meta":{"footnotes":""},"categories":[6],"tags":[],"class_list":["post-1655","post","type-post","status-publish","format-standard","has-post-thumbnail","hentry","category-slide"],"jetpack_featured_media_url":"https:\/\/centros.uepb.edu.br\/ccbsa\/files\/2014\/02\/MUNDI.jpg","_links":{"self":[{"href":"https:\/\/centros.uepb.edu.br\/ccbsa\/wp-json\/wp\/v2\/posts\/1655","targetHints":{"allow":["GET"]}}],"collection":[{"href":"https:\/\/centros.uepb.edu.br\/ccbsa\/wp-json\/wp\/v2\/posts"}],"about":[{"href":"https:\/\/centros.uepb.edu.br\/ccbsa\/wp-json\/wp\/v2\/types\/post"}],"author":[{"embeddable":true,"href":"https:\/\/centros.uepb.edu.br\/ccbsa\/wp-json\/wp\/v2\/users\/8"}],"replies":[{"embeddable":true,"href":"https:\/\/centros.uepb.edu.br\/ccbsa\/wp-json\/wp\/v2\/comments?post=1655"}],"version-history":[{"count":0,"href":"https:\/\/centros.uepb.edu.br\/ccbsa\/wp-json\/wp\/v2\/posts\/1655\/revisions"}],"wp:featuredmedia":[{"embeddable":true,"href":"https:\/\/centros.uepb.edu.br\/ccbsa\/wp-json\/wp\/v2\/media\/1452"}],"wp:attachment":[{"href":"https:\/\/centros.uepb.edu.br\/ccbsa\/wp-json\/wp\/v2\/media?parent=1655"}],"wp:term":[{"taxonomy":"category","embeddable":true,"href":"https:\/\/centros.uepb.edu.br\/ccbsa\/wp-json\/wp\/v2\/categories?post=1655"},{"taxonomy":"post_tag","embeddable":true,"href":"https:\/\/centros.uepb.edu.br\/ccbsa\/wp-json\/wp\/v2\/tags?post=1655"}],"curies":[{"name":"wp","href":"https:\/\/api.w.org\/{rel}","templated":true}]}}