{"id":1648,"date":"2014-04-08T12:37:40","date_gmt":"2014-04-08T12:37:40","guid":{"rendered":"\/ccbsa\/?p=1648"},"modified":"2014-04-08T12:37:40","modified_gmt":"2014-04-08T12:37:40","slug":"campus-v-sediara-palestra-voltada-ao-publico-em-geral-sobre-mudancas-ambientais-e-climaticas","status":"publish","type":"post","link":"https:\/\/centros.uepb.edu.br\/ccbsa\/campus-v-sediara-palestra-voltada-ao-publico-em-geral-sobre-mudancas-ambientais-e-climaticas\/","title":{"rendered":"Campus V sediar\u00e1 palestra voltada ao p\u00fablico em geral sobre mudan\u00e7as ambientais e clim\u00e1ticas"},"content":{"rendered":"<p>Eleva\u00e7\u00e3o da temperatura, extin\u00e7\u00e3o de esp\u00e9cies, eventos naturais extremos, essas s\u00e3o algumas situa\u00e7\u00f5es reais vivenciadas em todo o mundo e que tendem a se agravar com o tempo caso n\u00e3o haja uma conscientiza\u00e7\u00e3o e atitudes que minimizem esses problemas. Preocupado com essa realidade e buscando esclarecer alguns mitos e inverdades relacionados \u00e0 tem\u00e1tica em quest\u00e3o, o professor do curso de Ci\u00eancias Biol\u00f3gicas do Campus V da Universidade Estadual da Para\u00edba, Cleber Salimon, promover\u00e1, na quinta-feira, 10 de abril, \u00e0s 13h30, no audit\u00f3rio do Centro de Ci\u00eancias Biol\u00f3gicas e Sociais Aplicadas, em Jo\u00e3o Pessoa, a palestra \u201cVoc\u00ea acha que o mundo est\u00e1 mudando?\u00a0 &#8211; Mudan\u00e7as Globais (ambientais e clim\u00e1ticas): O que sabemos e o que n\u00e3o sabemos e qual o papel do cidad\u00e3o?\u201d.<\/p>\n<p>Na oportunidade, ser\u00e1 discutido o que \u00e9 meio ambiente, como estamos alterando este ambiente, tanto local quanto globalmente, quais as consequ\u00eancias clim\u00e1ticas e ecol\u00f3gicas das altera\u00e7\u00f5es ambientais causadas nos \u00faltimos duzentos anos e os poss\u00edveis cen\u00e1rios futuros em diferentes escalas de tempo. De acordo com o professor Cleber esse evento foi criado com a perspectiva de proporcionar um debate esclarecedor sobre a tem\u00e1tica, suscitando nos presentes uma reflex\u00e3o sobre o papel do cidad\u00e3o como centro tanto da causa quanto da solu\u00e7\u00e3o para estes problemas ambientais.<\/p>\n<p>\u201cMe preocupava ver\u00a0 nas redes sociais e corredores da universidade as discuss\u00f5es relacionadas \u00e0 essa tem\u00e1tica, frequentemente embasadas por argumento distorcidos ou sem embasamento. Isso nos estimulou a promover esse evento, com o intuito de esclarecer alguns pontos relacionados \u00e0s mudan\u00e7as ambientais e clim\u00e1ticas e suscitar um reflex\u00e3o entre os presentes\u201d, explica o professor Cleber.<\/p>\n<p>O evento \u00e9 gratuito e aberto aos estudantes, docentes e t\u00e9cnicos-administrativos de todo o Campus V e comunidade em geral. De acordo com o professor Cleber, a perspectiva \u00e9 que essa iniciativa seja o ponto de partida para uma rodada de debates a serem organizados mensalmente por um grupo de docentes de todos os cursos do CCBSA, com o intuito de suscitar reflex\u00f5es sobre temas relevantes das \u00e1reas ambiental, pol\u00edtica, social, entre outras.<\/p>\n","protected":false},"excerpt":{"rendered":"<p>Eleva\u00e7\u00e3o da temperatura, extin\u00e7\u00e3o de esp\u00e9cies, eventos naturais extremos, essas s\u00e3o algumas situa\u00e7\u00f5es reais vivenciadas em todo o mundo e que tendem a se agravar com o tempo caso n\u00e3o haja uma conscientiza\u00e7\u00e3o e atitudes que minimizem esses problemas. Preocupado com essa realidade e buscando esclarecer alguns mitos e inverdades relacionados \u00e0 tem\u00e1tica em quest\u00e3o, <a class=\"leiamais\" href=\"https:\/\/centros.uepb.edu.br\/ccbsa\/campus-v-sediara-palestra-voltada-ao-publico-em-geral-sobre-mudancas-ambientais-e-climaticas\/\">Leia Mais&#8230;<\/a><\/p>\n","protected":false},"author":8,"featured_media":1649,"comment_status":"open","ping_status":"open","sticky":false,"template":"","format":"standard","meta":{"footnotes":""},"categories":[6],"tags":[],"class_list":["post-1648","post","type-post","status-publish","format-standard","has-post-thumbnail","hentry","category-slide"],"jetpack_featured_media_url":"https:\/\/centros.uepb.edu.br\/ccbsa\/files\/2014\/04\/vidas-d.jpg","_links":{"self":[{"href":"https:\/\/centros.uepb.edu.br\/ccbsa\/wp-json\/wp\/v2\/posts\/1648","targetHints":{"allow":["GET"]}}],"collection":[{"href":"https:\/\/centros.uepb.edu.br\/ccbsa\/wp-json\/wp\/v2\/posts"}],"about":[{"href":"https:\/\/centros.uepb.edu.br\/ccbsa\/wp-json\/wp\/v2\/types\/post"}],"author":[{"embeddable":true,"href":"https:\/\/centros.uepb.edu.br\/ccbsa\/wp-json\/wp\/v2\/users\/8"}],"replies":[{"embeddable":true,"href":"https:\/\/centros.uepb.edu.br\/ccbsa\/wp-json\/wp\/v2\/comments?post=1648"}],"version-history":[{"count":0,"href":"https:\/\/centros.uepb.edu.br\/ccbsa\/wp-json\/wp\/v2\/posts\/1648\/revisions"}],"wp:featuredmedia":[{"embeddable":true,"href":"https:\/\/centros.uepb.edu.br\/ccbsa\/wp-json\/wp\/v2\/media\/1649"}],"wp:attachment":[{"href":"https:\/\/centros.uepb.edu.br\/ccbsa\/wp-json\/wp\/v2\/media?parent=1648"}],"wp:term":[{"taxonomy":"category","embeddable":true,"href":"https:\/\/centros.uepb.edu.br\/ccbsa\/wp-json\/wp\/v2\/categories?post=1648"},{"taxonomy":"post_tag","embeddable":true,"href":"https:\/\/centros.uepb.edu.br\/ccbsa\/wp-json\/wp\/v2\/tags?post=1648"}],"curies":[{"name":"wp","href":"https:\/\/api.w.org\/{rel}","templated":true}]}}