{"id":1642,"date":"2014-04-07T13:25:59","date_gmt":"2014-04-07T13:25:59","guid":{"rendered":"\/ccbsa\/?p=1642"},"modified":"2014-04-07T13:34:20","modified_gmt":"2014-04-07T13:34:20","slug":"curso-de-arquivologia-inscreve-para-selecao-de-professor-substituto-ate-10-de-abril","status":"publish","type":"post","link":"https:\/\/centros.uepb.edu.br\/ccbsa\/curso-de-arquivologia-inscreve-para-selecao-de-professor-substituto-ate-10-de-abril\/","title":{"rendered":"Curso de Arquivologia inscreve para sele\u00e7\u00e3o de professor substituto at\u00e9 10 de abril"},"content":{"rendered":"<p>O bacharelado em Arquivologia da Universidade Estadual da Para\u00edba inscreve, at\u00e9 o dia 10 de abril, os interessados em participar do processo seletivo para o preenchimento de tr\u00eas vagas para contrata\u00e7\u00e3o de professores substitutos por prazo de atua\u00e7\u00e3o determinado.<\/p>\n<p>Na sele\u00e7\u00e3o est\u00e1 sendo ofertada uma vaga para a \u00e1rea \u201c[wpfilebase tag=fileurl id=75 linktext=&#8217;Processos hist\u00f3ricos, sociais e filos\u00f3ficos relacionados ao fen\u00f4meno informacional&#8217; \/]\u201d, com carga de 40 horas semanais, para os componentes curriculares: \u201cHist\u00f3ria da Para\u00edba\u201d, \u201cHist\u00f3ria do pensamento filos\u00f3fico e cient\u00edfico\u201d, \u201cForma\u00e7\u00e3o da sociedade brasileira\u201d e \u201cConstru\u00e7\u00e3o da hist\u00f3ria local\u201d. Para este processo seletivo est\u00e1 sendo exigida a gradua\u00e7\u00e3o em Hist\u00f3ria e mestrado em Hist\u00f3ria ou \u00e1reas afins.<\/p>\n<p>A sele\u00e7\u00e3o tamb\u00e9m conta com a oferta de uma vaga para a \u00e1rea \u201cGest\u00e3o da Informa\u00e7\u00e3o Arquiv\u00edstica\u201d, com carga hor\u00e1ria\u00a0[wpfilebase tag=fileurl id=77 linktext=T-20 \/] voltada aos componentes curriculares: \u201cPol\u00edticas arquiv\u00edsticas\u201d e \u201cDiplom\u00e1tica\u201d, e [wpfilebase tag=fileurl id=76 linktext=T-40 \/], para os componentes curriculares: \u201cGest\u00e3o de institui\u00e7\u00f5es arquiv\u00edsticas\u201d, \u201cReprodu\u00e7\u00e3o de documentos\u201d e \u201cArquivos permanentes\u201d. Para essas vagas o requisito b\u00e1sico \u00e9 gradua\u00e7\u00e3o em Arquivologia ou \u00e1reas afins e mestrado em Ci\u00eancia da Informa\u00e7\u00e3o.<\/p>\n<p>As inscri\u00e7\u00f5es para os processos seletivos ocorrem na secretaria do curso de Arquivologia, das 8h \u00e0s 11h e das 19h \u00e0s 21h. Os documentos necess\u00e1rios para inscri\u00e7\u00e3o e demais informa\u00e7\u00f5es devem ser acessadas nos editais das sele\u00e7\u00f5es. O resultado final est\u00e1 previsto para ser divulgado em 23 de abril.<\/p>\n","protected":false},"excerpt":{"rendered":"<p>O bacharelado em Arquivologia da Universidade Estadual da Para\u00edba inscreve, at\u00e9 o dia 10 de abril, os interessados em participar do processo seletivo para o preenchimento de tr\u00eas vagas para contrata\u00e7\u00e3o de professores substitutos por prazo de atua\u00e7\u00e3o determinado. Na sele\u00e7\u00e3o est\u00e1 sendo ofertada uma vaga para a \u00e1rea \u201c[wpfilebase tag=fileurl id=75 linktext=&#8217;Processos hist\u00f3ricos, sociais <a class=\"leiamais\" href=\"https:\/\/centros.uepb.edu.br\/ccbsa\/curso-de-arquivologia-inscreve-para-selecao-de-professor-substituto-ate-10-de-abril\/\">Leia Mais&#8230;<\/a><\/p>\n","protected":false},"author":8,"featured_media":0,"comment_status":"open","ping_status":"open","sticky":false,"template":"","format":"standard","meta":{"footnotes":""},"categories":[3,5],"tags":[],"class_list":["post-1642","post","type-post","status-publish","format-standard","hentry","category-noticias","category-visiveis"],"jetpack_featured_media_url":"","_links":{"self":[{"href":"https:\/\/centros.uepb.edu.br\/ccbsa\/wp-json\/wp\/v2\/posts\/1642","targetHints":{"allow":["GET"]}}],"collection":[{"href":"https:\/\/centros.uepb.edu.br\/ccbsa\/wp-json\/wp\/v2\/posts"}],"about":[{"href":"https:\/\/centros.uepb.edu.br\/ccbsa\/wp-json\/wp\/v2\/types\/post"}],"author":[{"embeddable":true,"href":"https:\/\/centros.uepb.edu.br\/ccbsa\/wp-json\/wp\/v2\/users\/8"}],"replies":[{"embeddable":true,"href":"https:\/\/centros.uepb.edu.br\/ccbsa\/wp-json\/wp\/v2\/comments?post=1642"}],"version-history":[{"count":0,"href":"https:\/\/centros.uepb.edu.br\/ccbsa\/wp-json\/wp\/v2\/posts\/1642\/revisions"}],"wp:attachment":[{"href":"https:\/\/centros.uepb.edu.br\/ccbsa\/wp-json\/wp\/v2\/media?parent=1642"}],"wp:term":[{"taxonomy":"category","embeddable":true,"href":"https:\/\/centros.uepb.edu.br\/ccbsa\/wp-json\/wp\/v2\/categories?post=1642"},{"taxonomy":"post_tag","embeddable":true,"href":"https:\/\/centros.uepb.edu.br\/ccbsa\/wp-json\/wp\/v2\/tags?post=1642"}],"curies":[{"name":"wp","href":"https:\/\/api.w.org\/{rel}","templated":true}]}}