{"id":1635,"date":"2014-04-04T13:21:50","date_gmt":"2014-04-04T13:21:50","guid":{"rendered":"\/ccbsa\/?p=1635"},"modified":"2014-04-07T12:00:20","modified_gmt":"2014-04-07T12:00:20","slug":"centro-academico-promove-semana-de-arquivologia-da-uepb-com-varias-atividades-academicas-e-culturais","status":"publish","type":"post","link":"https:\/\/centros.uepb.edu.br\/ccbsa\/centro-academico-promove-semana-de-arquivologia-da-uepb-com-varias-atividades-academicas-e-culturais\/","title":{"rendered":"Centro acad\u00eamico promove Semana de Arquivologia da UEPB com v\u00e1rias atividades acad\u00eamicas e culturais"},"content":{"rendered":"<p><a href=\"http:\/\/centros.ascom.uepb.edu.br\/ccbsa\/files\/2014\/04\/10151880_752584184759572_1130908892_n.jpg\"><img loading=\"lazy\" decoding=\"async\" class=\"alignleft size-thumbnail wp-image-1637 img-responsive\" alt=\"10151880_752584184759572_1130908892_n\" src=\"http:\/\/centros.ascom.uepb.edu.br\/ccbsa\/files\/2014\/04\/10151880_752584184759572_1130908892_n-150x150.jpg\" width=\"150\" height=\"150\" \/><\/a>Com o objetivo de suscitar di\u00e1logos sobre as diversas nuances arquiv\u00edsticas, o Centro Acad\u00eamico de Arquivologia da UEPB (CAARQ), Gest\u00e3o &#8220;Atitude Coletiva&#8221;, realizar\u00e1, de 9 a 11 de abril, nas depend\u00eancias do campus V da Universidade Estadual da Para\u00edba, em Jo\u00e3o Pessoa, a 1\u00aa Semana Acad\u00eamica de Arquivologia da UEPB, com a tem\u00e1tica \u201cARQUIVOLOGIA: Campo de M\u00faltiplas Abordagens&#8221;.<\/p>\n<p>Ser\u00e3o realizadas palestras, lan\u00e7amento de livro, minicurso, oficinas, apresenta\u00e7\u00e3o de monografias e atividades culturais. Dentre os palestrantes est\u00e3o confirmadas as presen\u00e7as do Juiz do Tribunal de Justi\u00e7a da Para\u00edba, Onaldo Rocha de Queiroga; o cantor, compositor e cordelista, Beto Brito; a professora de Arquivologia UFBA, doutora em Comunica\u00e7\u00e3o e Cultura Contempor\u00e2nea e mestre em Ci\u00eancia da Informa\u00e7\u00e3o, Jussara Borges de Lima; o palestrante e apresentador do programa \u201cPapo Arretado\u201d da RCTV, Beto Chaves; o palestrante e consultor empresarial, Eduardo Ramalho; al\u00e9m de docentes e pesquisadores do bacharelado em Arquivologia da UEPB e arquivistas egressos da UEPB e UFPB.<\/p>\n<p>As atividades s\u00e3o norteadas pelas tem\u00e1ticas: Ci\u00eancia da Informa\u00e7\u00e3o, profissional arquivista, empreendedorismo e mem\u00f3ria, gest\u00e3o p\u00fablica, tecnologia da informa\u00e7\u00e3o e gerenciamento arquiv\u00edstico.<\/p>\n<p>O evento \u00e9 voltado a discentes, docentes e profissionais de Arquivologia e \u00e1reas afins. As inscri\u00e7\u00f5es s\u00e3o realizadas, enquanto houver vagas, diretamente com os membros do Centro Acad\u00eamico de Arquivologia, ao custo de R$ 10 reais, e os interessados em participar das oficinas devem doar 1 kg de alimento n\u00e3o perec\u00edvel. De acordo com o diretor do CAARQ, Bruno Pereira, haver\u00e1 um ponto de arrecada\u00e7\u00e3o de alimentos instalado durante todo o evento e as doa\u00e7\u00f5es ser\u00e3o encaminhadas \u00e0 comunidade Riacho Doce, no bairro do Cristo, por meio de uma a\u00e7\u00e3o conjunta com o Projeto Cultural de Paz.<\/p>\n<p>Acesse\u00a0[wpfilebase tag=fileurl id=74 linktext=aqui \/] a programa\u00e7\u00e3o completa do evento.<br \/>\nOutras informa\u00e7\u00f5es: centroacademicoarquivologia@gmail.com \/ <a href=\"https:\/\/caarquepb.wordpress.com\/\" target=\"_blank\" rel=\"nofollow\">https:\/\/caarquepb.wordpress.com\/<\/a><\/p>\n","protected":false},"excerpt":{"rendered":"<p>Com o objetivo de suscitar di\u00e1logos sobre as diversas nuances arquiv\u00edsticas, o Centro Acad\u00eamico de Arquivologia da UEPB (CAARQ), Gest\u00e3o &#8220;Atitude Coletiva&#8221;, realizar\u00e1, de 9 a 11 de abril, nas depend\u00eancias do campus V da Universidade Estadual da Para\u00edba, em Jo\u00e3o Pessoa, a 1\u00aa Semana Acad\u00eamica de Arquivologia da UEPB, com a tem\u00e1tica \u201cARQUIVOLOGIA: Campo <a class=\"leiamais\" href=\"https:\/\/centros.uepb.edu.br\/ccbsa\/centro-academico-promove-semana-de-arquivologia-da-uepb-com-varias-atividades-academicas-e-culturais\/\">Leia Mais&#8230;<\/a><\/p>\n","protected":false},"author":8,"featured_media":1636,"comment_status":"open","ping_status":"open","sticky":false,"template":"","format":"standard","meta":{"footnotes":""},"categories":[6],"tags":[],"class_list":["post-1635","post","type-post","status-publish","format-standard","has-post-thumbnail","hentry","category-slide"],"jetpack_featured_media_url":"https:\/\/centros.uepb.edu.br\/ccbsa\/files\/2014\/04\/SEMANA-ACAD\u00caMICA.jpg","_links":{"self":[{"href":"https:\/\/centros.uepb.edu.br\/ccbsa\/wp-json\/wp\/v2\/posts\/1635","targetHints":{"allow":["GET"]}}],"collection":[{"href":"https:\/\/centros.uepb.edu.br\/ccbsa\/wp-json\/wp\/v2\/posts"}],"about":[{"href":"https:\/\/centros.uepb.edu.br\/ccbsa\/wp-json\/wp\/v2\/types\/post"}],"author":[{"embeddable":true,"href":"https:\/\/centros.uepb.edu.br\/ccbsa\/wp-json\/wp\/v2\/users\/8"}],"replies":[{"embeddable":true,"href":"https:\/\/centros.uepb.edu.br\/ccbsa\/wp-json\/wp\/v2\/comments?post=1635"}],"version-history":[{"count":0,"href":"https:\/\/centros.uepb.edu.br\/ccbsa\/wp-json\/wp\/v2\/posts\/1635\/revisions"}],"wp:featuredmedia":[{"embeddable":true,"href":"https:\/\/centros.uepb.edu.br\/ccbsa\/wp-json\/wp\/v2\/media\/1636"}],"wp:attachment":[{"href":"https:\/\/centros.uepb.edu.br\/ccbsa\/wp-json\/wp\/v2\/media?parent=1635"}],"wp:term":[{"taxonomy":"category","embeddable":true,"href":"https:\/\/centros.uepb.edu.br\/ccbsa\/wp-json\/wp\/v2\/categories?post=1635"},{"taxonomy":"post_tag","embeddable":true,"href":"https:\/\/centros.uepb.edu.br\/ccbsa\/wp-json\/wp\/v2\/tags?post=1635"}],"curies":[{"name":"wp","href":"https:\/\/api.w.org\/{rel}","templated":true}]}}