{"id":1626,"date":"2014-04-04T13:18:57","date_gmt":"2014-04-04T13:18:57","guid":{"rendered":"\/ccbsa\/?p=1626"},"modified":"2014-04-04T13:18:57","modified_gmt":"2014-04-04T13:18:57","slug":"calouros-do-campus-v-sao-recepcionados-com-palestras-informativas-e-atividades-de-conscientizacao-ambiental","status":"publish","type":"post","link":"https:\/\/centros.uepb.edu.br\/ccbsa\/calouros-do-campus-v-sao-recepcionados-com-palestras-informativas-e-atividades-de-conscientizacao-ambiental\/","title":{"rendered":"Calouros do Campus V s\u00e3o recepcionados com palestras informativas e atividades de conscientiza\u00e7\u00e3o ambiental"},"content":{"rendered":"<p><a href=\"http:\/\/centros.ascom.uepb.edu.br\/ccbsa\/files\/2014\/04\/DSC04558mesa.jpg\"><img loading=\"lazy\" decoding=\"async\" src=\"http:\/\/centros.ascom.uepb.edu.br\/ccbsa\/files\/2014\/04\/DSC04558mesa-150x150.jpg\" alt=\"DSC04558mesa\" width=\"150\" height=\"150\" class=\"alignleft size-thumbnail wp-image-1630 img-responsive\" \/><\/a>Com o objetivo de acolher os calouros do per\u00edodo letivo 2014.1 e apresentar-lhes os diversos setores e servi\u00e7os da Universidade Estadual da Para\u00edba e do Campus V, a dire\u00e7\u00e3o do Centro de Ci\u00eancias Biol\u00f3gicas e Sociais Aplicadas promoveu, nesta quinta-feira (3), nos turnos da manh\u00e3 e noite, no audit\u00f3rio Pioneiros, uma programa\u00e7\u00e3o especial de recep\u00e7\u00e3o aos feras.<\/p>\n<p>Os estudantes puderam conhecer o N\u00facleo de L\u00ednguas, os servi\u00e7os<a href=\"http:\/\/centros.ascom.uepb.edu.br\/ccbsa\/files\/2014\/04\/DSC04552mod.jpg\"><img loading=\"lazy\" decoding=\"async\" src=\"http:\/\/centros.ascom.uepb.edu.br\/ccbsa\/files\/2014\/04\/DSC04552mod-150x150.jpg\" alt=\"DSC04552mod\" width=\"150\" height=\"150\" class=\"alignright size-thumbnail wp-image-1627 img-responsive\" \/><\/a> da Biblioteca, oportunidades de monitoria, bolsa manuten\u00e7\u00e3o, bolsa transporte, programas de inicia\u00e7\u00e3o cient\u00edfica, extens\u00e3o, mobilidade internacional, entre outros.<\/p>\n<p>Estiveram presentes no evento, o diretor do CCBSA, professor Francisco Jaime, a diretora adjunta, professora Giuliana Dias Vieira, a coordenadora do curso de Arquivologia, Maria Jos\u00e9 Cordeiro de Lima, a coordenadora de monitoria do CCBSA, professora Ac\u00e1cia Garcia, o representante dos t\u00e9cnicos administrativos do Campus V, Kleber Trajano, os representantes dos Centros Acad\u00eamicos de Arquivologia, Bruno Pereira, de Ci\u00eancias Biol\u00f3gicas, Matheus Barbosa, e de Rela\u00e7\u00f5es Internacionais, \u00cdcaro Ferreira e a integrante do Diret\u00f3rio Central Acad\u00eamico, Layane Marques. <\/p>\n<p><a href=\"http:\/\/centros.ascom.uepb.edu.br\/ccbsa\/files\/2014\/04\/20140403_085536mod.jpg\"><img loading=\"lazy\" decoding=\"async\" src=\"http:\/\/centros.ascom.uepb.edu.br\/ccbsa\/files\/2014\/04\/20140403_085536mod-150x150.jpg\" alt=\"20140403_085536mod\" width=\"150\" height=\"150\" class=\"alignleft size-thumbnail wp-image-1631 img-responsive\" \/><\/a>Na oportunidade, o diretor do CCBSA, Francisco Jaime, parabenizou os calouros pela escolha da UEPB como institui\u00e7\u00e3o formadora, lembrou dos desafios que estes ter\u00e3o que enfrentar para se adaptar \u00e0 nova rotina de estudos e alertou para a import\u00e2ncia do empenho destes estudantes para conseguir um bom rendimento acad\u00eamico. <\/p>\n<p>\u201cA din\u00e2mica de ensino-aprendizagem na universidade \u00e9 diferente da que voc\u00eas est\u00e3o acostumados na escola, portanto \u00e9 necess\u00e1rio que voc\u00eas estejam atentos e se dediquem desde j\u00e1 para ter bons resultados quando puderem participar de programas de pesquisa, extens\u00e3o, monitoria. Aqui no CCBSA temos um corpo docente e de t\u00e9cnicos-administrativos extremamente qualificado que aprova projetos, recebe pr\u00eamios, e para n\u00f3s \u00e9 importante que voc\u00eas alunos tamb\u00e9m acompanhem esse ritmo\u201d, destacou o professor Francisco Jaime.<\/p>\n<p>A atividade foi encerrada com uma apresenta\u00e7\u00e3o do Projeto <a href=\"http:\/\/centros.ascom.uepb.edu.br\/ccbsa\/files\/2014\/04\/20140403_112857.jpg\"><img loading=\"lazy\" decoding=\"async\" src=\"http:\/\/centros.ascom.uepb.edu.br\/ccbsa\/files\/2014\/04\/20140403_112857-150x150.jpg\" alt=\"20140403_112857\" width=\"150\" height=\"150\" class=\"alignright size-thumbnail wp-image-1633 img-responsive\" \/><\/a>\u201cMobiliza\u00e7\u00e3o e inclus\u00e3o social de catadores (as) de materiais recicl\u00e1veis da cidade de Jo\u00e3o Pessoa: uma experi\u00eancia necess\u00e1ria\u201d, que \u00e9 coordenado pela professora do curso de Ci\u00eancias Biol\u00f3gicas do Campus V, F\u00e1tima Ara\u00fajo e conta com a participa\u00e7\u00e3o de discentes do CCBSA. <\/p>\n<p>O evento contou com a participa\u00e7\u00e3o das integrantes da Catajampa Mandacaru &#8211; cooperativa de mulheres catadoras de materiais recicl\u00e1veis, que expuseram artesanatos produzidos com produtos recicl\u00e1veis e ministraram oficinas de reciclagem de papel. Os estudantes tamb\u00e9m foram conscientizados sobre a import\u00e2ncia do trabalho desenvolvido pelos catadores de materiais recicl\u00e1veis e da coleta seletiva.<\/p>\n<p>Durante o evento tamb\u00e9m foi realizado o lan\u00e7amento da campanha solid\u00e1ria  de arrecada\u00e7\u00e3o de materiais recicl\u00e1veis (garrafa, papel, papel\u00e3o, vidro, latinha e metais em geral) que ser\u00e1 realizada nas depend\u00eancias do CCBSA. <\/p>\n","protected":false},"excerpt":{"rendered":"<p>Com o objetivo de acolher os calouros do per\u00edodo letivo 2014.1 e apresentar-lhes os diversos setores e servi\u00e7os da Universidade Estadual da Para\u00edba e do Campus V, a dire\u00e7\u00e3o do Centro de Ci\u00eancias Biol\u00f3gicas e Sociais Aplicadas promoveu, nesta quinta-feira (3), nos turnos da manh\u00e3 e noite, no audit\u00f3rio Pioneiros, uma programa\u00e7\u00e3o especial de recep\u00e7\u00e3o <a class=\"leiamais\" href=\"https:\/\/centros.uepb.edu.br\/ccbsa\/calouros-do-campus-v-sao-recepcionados-com-palestras-informativas-e-atividades-de-conscientizacao-ambiental\/\">Leia Mais&#8230;<\/a><\/p>\n","protected":false},"author":8,"featured_media":1629,"comment_status":"open","ping_status":"open","sticky":false,"template":"","format":"standard","meta":{"footnotes":""},"categories":[6],"tags":[],"class_list":["post-1626","post","type-post","status-publish","format-standard","has-post-thumbnail","hentry","category-slide"],"jetpack_featured_media_url":"https:\/\/centros.uepb.edu.br\/ccbsa\/files\/2014\/04\/DSC04548MOD.jpg","_links":{"self":[{"href":"https:\/\/centros.uepb.edu.br\/ccbsa\/wp-json\/wp\/v2\/posts\/1626","targetHints":{"allow":["GET"]}}],"collection":[{"href":"https:\/\/centros.uepb.edu.br\/ccbsa\/wp-json\/wp\/v2\/posts"}],"about":[{"href":"https:\/\/centros.uepb.edu.br\/ccbsa\/wp-json\/wp\/v2\/types\/post"}],"author":[{"embeddable":true,"href":"https:\/\/centros.uepb.edu.br\/ccbsa\/wp-json\/wp\/v2\/users\/8"}],"replies":[{"embeddable":true,"href":"https:\/\/centros.uepb.edu.br\/ccbsa\/wp-json\/wp\/v2\/comments?post=1626"}],"version-history":[{"count":0,"href":"https:\/\/centros.uepb.edu.br\/ccbsa\/wp-json\/wp\/v2\/posts\/1626\/revisions"}],"wp:featuredmedia":[{"embeddable":true,"href":"https:\/\/centros.uepb.edu.br\/ccbsa\/wp-json\/wp\/v2\/media\/1629"}],"wp:attachment":[{"href":"https:\/\/centros.uepb.edu.br\/ccbsa\/wp-json\/wp\/v2\/media?parent=1626"}],"wp:term":[{"taxonomy":"category","embeddable":true,"href":"https:\/\/centros.uepb.edu.br\/ccbsa\/wp-json\/wp\/v2\/categories?post=1626"},{"taxonomy":"post_tag","embeddable":true,"href":"https:\/\/centros.uepb.edu.br\/ccbsa\/wp-json\/wp\/v2\/tags?post=1626"}],"curies":[{"name":"wp","href":"https:\/\/api.w.org\/{rel}","templated":true}]}}