{"id":1621,"date":"2014-04-01T12:47:16","date_gmt":"2014-04-01T12:47:16","guid":{"rendered":"\/ccbsa\/?p=1621"},"modified":"2014-04-01T12:47:16","modified_gmt":"2014-04-01T12:47:16","slug":"prograd-informa-sobre-periodo-de-reajuste-e-trancamento-de-matriculas","status":"publish","type":"post","link":"https:\/\/centros.uepb.edu.br\/ccbsa\/prograd-informa-sobre-periodo-de-reajuste-e-trancamento-de-matriculas\/","title":{"rendered":"PROGRAD informa sobre per\u00edodo de reajuste e trancamento de matr\u00edculas"},"content":{"rendered":"<p>A Pro reitoria de Gradua\u00e7\u00e3o da Universidade Estadual da Para\u00edba, informa que, de acordo com calend\u00e1rio acad\u00eamico, podem ser solicitados, at\u00e9 o dia 30 de abril, o reajuste e trancamento de matr\u00edcula 2014.1. <\/p>\n<p>As solicita\u00e7\u00f5es devem ser feitas diretamente na coordena\u00e7\u00e3o do curso, sendo necess\u00e1rio, no caso de trancamento de matr\u00edcula, a apresenta\u00e7\u00e3o do &#8220;nada consta&#8221; solicitado na biblioteca do CCBSA, para comprovar que o estudante n\u00e3o apresenta nenhuma pend\u00eancia junto ao referido setor. <\/p>\n","protected":false},"excerpt":{"rendered":"<p>A Pro reitoria de Gradua\u00e7\u00e3o da Universidade Estadual da Para\u00edba, informa que, de acordo com calend\u00e1rio acad\u00eamico, podem ser solicitados, at\u00e9 o dia 30 de abril, o reajuste e trancamento de matr\u00edcula 2014.1. As solicita\u00e7\u00f5es devem ser feitas diretamente na coordena\u00e7\u00e3o do curso, sendo necess\u00e1rio, no caso de trancamento de matr\u00edcula, a apresenta\u00e7\u00e3o do &#8220;nada <a class=\"leiamais\" href=\"https:\/\/centros.uepb.edu.br\/ccbsa\/prograd-informa-sobre-periodo-de-reajuste-e-trancamento-de-matriculas\/\">Leia Mais&#8230;<\/a><\/p>\n","protected":false},"author":8,"featured_media":0,"comment_status":"open","ping_status":"open","sticky":false,"template":"","format":"standard","meta":{"footnotes":""},"categories":[3,5],"tags":[],"class_list":["post-1621","post","type-post","status-publish","format-standard","hentry","category-noticias","category-visiveis"],"jetpack_featured_media_url":"","_links":{"self":[{"href":"https:\/\/centros.uepb.edu.br\/ccbsa\/wp-json\/wp\/v2\/posts\/1621","targetHints":{"allow":["GET"]}}],"collection":[{"href":"https:\/\/centros.uepb.edu.br\/ccbsa\/wp-json\/wp\/v2\/posts"}],"about":[{"href":"https:\/\/centros.uepb.edu.br\/ccbsa\/wp-json\/wp\/v2\/types\/post"}],"author":[{"embeddable":true,"href":"https:\/\/centros.uepb.edu.br\/ccbsa\/wp-json\/wp\/v2\/users\/8"}],"replies":[{"embeddable":true,"href":"https:\/\/centros.uepb.edu.br\/ccbsa\/wp-json\/wp\/v2\/comments?post=1621"}],"version-history":[{"count":0,"href":"https:\/\/centros.uepb.edu.br\/ccbsa\/wp-json\/wp\/v2\/posts\/1621\/revisions"}],"wp:attachment":[{"href":"https:\/\/centros.uepb.edu.br\/ccbsa\/wp-json\/wp\/v2\/media?parent=1621"}],"wp:term":[{"taxonomy":"category","embeddable":true,"href":"https:\/\/centros.uepb.edu.br\/ccbsa\/wp-json\/wp\/v2\/categories?post=1621"},{"taxonomy":"post_tag","embeddable":true,"href":"https:\/\/centros.uepb.edu.br\/ccbsa\/wp-json\/wp\/v2\/tags?post=1621"}],"curies":[{"name":"wp","href":"https:\/\/api.w.org\/{rel}","templated":true}]}}