{"id":1615,"date":"2014-04-01T12:24:27","date_gmt":"2014-04-01T12:24:27","guid":{"rendered":"\/ccbsa\/?p=1615"},"modified":"2014-04-01T12:26:07","modified_gmt":"2014-04-01T12:26:07","slug":"aulas-do-periodo-letivo-2014-1-tem-inicio-no-ccbsa","status":"publish","type":"post","link":"https:\/\/centros.uepb.edu.br\/ccbsa\/aulas-do-periodo-letivo-2014-1-tem-inicio-no-ccbsa\/","title":{"rendered":"Aulas do per\u00edodo letivo 2014.1 t\u00eam in\u00edcio no CCBSA e dire\u00e7\u00e3o divulga programa\u00e7\u00e3o especial"},"content":{"rendered":"<div id=\"attachment_1616\" style=\"width: 160px\" class=\"wp-caption alignleft\"><a href=\"http:\/\/centros.ascom.uepb.edu.br\/ccbsa\/files\/2014\/04\/WP_20140331_010.jpg\"><img loading=\"lazy\" decoding=\"async\" aria-describedby=\"caption-attachment-1616\" src=\"http:\/\/centros.ascom.uepb.edu.br\/ccbsa\/files\/2014\/04\/WP_20140331_010-150x150.jpg\" alt=\"Cr\u00e9dito: Mauro Porf\u00edrio\" width=\"150\" height=\"150\" class=\"size-thumbnail wp-image-1616 img-responsive\" \/><\/a><p id=\"caption-attachment-1616\" class=\"wp-caption-text\">Cr\u00e9dito: Mauro Porf\u00edrio<\/p><\/div>Tiveram in\u00edcio nesta segunda-feira (31) as aulas do per\u00edodo letivo 2014.1 dos bacharelados em Arquivologia, Ci\u00eancias Biol\u00f3gicas e Rela\u00e7\u00f5es Internacionais do Campus V da Universidade Estadual da Para\u00edba.<\/p>\n<p>A programa\u00e7\u00e3o especial de recep\u00e7\u00e3o aos calouros ocorrer\u00e1 no dia 3 de abril, nos turnos da manh\u00e3 e noite, no audit\u00f3rio Pioneiros.<\/p>\n<p>De acordo com a dire\u00e7\u00e3o do Centro de Ci\u00eancias Biol\u00f3gicas e Sociais Aplicadas, as atividades s\u00e3o voltadas aos estudantes dos tr\u00eas cursos de gradua\u00e7\u00e3o do Campus V, visando apresent\u00e1-los aos diversos setores e servi\u00e7os da institui\u00e7\u00e3o, como os cursos do N\u00facleo de L\u00ednguas, os servi\u00e7os da Biblioteca, bolsa manuten\u00e7\u00e3o, bolsa transporte, programas de inicia\u00e7\u00e3o cient\u00edfica, extens\u00e3o, mobilidade internacional, entre outros.<\/p>\n<p>A atividade receptiva do turno da manh\u00e3 ter\u00e1 in\u00edcio \u00e0s 8h30 e \u00e0 noite \u00e0s 19h, com a participa\u00e7\u00e3o da dire\u00e7\u00e3o de centro, coordena\u00e7\u00f5es de cursos, centros acad\u00eamicos, biblioteca e n\u00facleo de l\u00ednguas.<\/p>\n<p>Ap\u00f3s a palestra informativa os estudantes poder\u00e3o conhecer as atividades dos projetos de extens\u00e3o do CCBSA: \u201cInclus\u00e3o Social de catadores(as) de materiais recicl\u00e1veis da cidade de Jo\u00e3o Pessoa- PB\u201d, coordenado pela professora F\u00e1tima Ara\u00fajo e \u201cProjeto Universidade em A\u00e7\u00e3o\u201d, sob a coordena\u00e7\u00e3o do professor Paulo Kuhlmann.<\/p>\n","protected":false},"excerpt":{"rendered":"<p>Tiveram in\u00edcio nesta segunda-feira (31) as aulas do per\u00edodo letivo 2014.1 dos bacharelados em Arquivologia, Ci\u00eancias Biol\u00f3gicas e Rela\u00e7\u00f5es Internacionais do Campus V da Universidade Estadual da Para\u00edba. A programa\u00e7\u00e3o especial de recep\u00e7\u00e3o aos calouros ocorrer\u00e1 no dia 3 de abril, nos turnos da manh\u00e3 e noite, no audit\u00f3rio Pioneiros. De acordo com a dire\u00e7\u00e3o <a class=\"leiamais\" href=\"https:\/\/centros.uepb.edu.br\/ccbsa\/aulas-do-periodo-letivo-2014-1-tem-inicio-no-ccbsa\/\">Leia Mais&#8230;<\/a><\/p>\n","protected":false},"author":8,"featured_media":1616,"comment_status":"open","ping_status":"open","sticky":false,"template":"","format":"standard","meta":{"footnotes":""},"categories":[6],"tags":[],"class_list":["post-1615","post","type-post","status-publish","format-standard","has-post-thumbnail","hentry","category-slide"],"jetpack_featured_media_url":"https:\/\/centros.uepb.edu.br\/ccbsa\/files\/2014\/04\/WP_20140331_010.jpg","_links":{"self":[{"href":"https:\/\/centros.uepb.edu.br\/ccbsa\/wp-json\/wp\/v2\/posts\/1615","targetHints":{"allow":["GET"]}}],"collection":[{"href":"https:\/\/centros.uepb.edu.br\/ccbsa\/wp-json\/wp\/v2\/posts"}],"about":[{"href":"https:\/\/centros.uepb.edu.br\/ccbsa\/wp-json\/wp\/v2\/types\/post"}],"author":[{"embeddable":true,"href":"https:\/\/centros.uepb.edu.br\/ccbsa\/wp-json\/wp\/v2\/users\/8"}],"replies":[{"embeddable":true,"href":"https:\/\/centros.uepb.edu.br\/ccbsa\/wp-json\/wp\/v2\/comments?post=1615"}],"version-history":[{"count":0,"href":"https:\/\/centros.uepb.edu.br\/ccbsa\/wp-json\/wp\/v2\/posts\/1615\/revisions"}],"wp:featuredmedia":[{"embeddable":true,"href":"https:\/\/centros.uepb.edu.br\/ccbsa\/wp-json\/wp\/v2\/media\/1616"}],"wp:attachment":[{"href":"https:\/\/centros.uepb.edu.br\/ccbsa\/wp-json\/wp\/v2\/media?parent=1615"}],"wp:term":[{"taxonomy":"category","embeddable":true,"href":"https:\/\/centros.uepb.edu.br\/ccbsa\/wp-json\/wp\/v2\/categories?post=1615"},{"taxonomy":"post_tag","embeddable":true,"href":"https:\/\/centros.uepb.edu.br\/ccbsa\/wp-json\/wp\/v2\/tags?post=1615"}],"curies":[{"name":"wp","href":"https:\/\/api.w.org\/{rel}","templated":true}]}}