{"id":1586,"date":"2014-03-26T14:59:43","date_gmt":"2014-03-26T14:59:43","guid":{"rendered":"\/ccbsa\/?p=1586"},"modified":"2014-03-26T16:59:05","modified_gmt":"2014-03-26T16:59:05","slug":"campus-v-forma-novos-profissionais-nas-areas-de-arquivologia-ciencias-biologicas-e-relacoes-internacionais","status":"publish","type":"post","link":"https:\/\/centros.uepb.edu.br\/ccbsa\/campus-v-forma-novos-profissionais-nas-areas-de-arquivologia-ciencias-biologicas-e-relacoes-internacionais\/","title":{"rendered":"CCBSA forma novos profissionais de Arquivologia, Ci\u00eancias Biol\u00f3gicas e Rela\u00e7\u00f5es Internacionais"},"content":{"rendered":"<p>Em clima de emo\u00e7\u00e3o, alegria e esperan\u00e7a, formandos do Campus V da Universidade Estadual da Para\u00edba (UEPB), localizado em Jo\u00e3o Pessoa, participaram da cerim\u00f4nia de Cola\u00e7\u00e3o de Grau do per\u00edodo letivo 2013, realizada na noite desta ter\u00e7a-feira (25). Presidida pelo reitor Rangel Junior, a solenidade colocou \u00e0 disposi\u00e7\u00e3o do mercado de trabalho novos profissionais de Arquivologia, Ci\u00eancias Biol\u00f3gicas e Rela\u00e7\u00f5es Internacionais.<\/p>\n<p><a href=\"http:\/\/centros.ascom.uepb.edu.br\/ccbsa\/files\/2014\/03\/028.jpg\"><img loading=\"lazy\" decoding=\"async\" class=\"alignleft size-thumbnail wp-image-1589 img-responsive\" alt=\"028\" src=\"http:\/\/centros.ascom.uepb.edu.br\/ccbsa\/files\/2014\/03\/028-150x150.jpg\" width=\"150\" height=\"150\" \/><\/a>Compuseram a mesa de honra o reitor da UEPB, professor Rangel Junior; o diretor do CCBSA, professor Francisco Jaime Mendon\u00e7a; a diretora adjunta do CCBSA, professora Giuliana Dias Vieira; o pr\u00f3-reitor de Gradua\u00e7\u00e3o da UEPB, professor Eli Brand\u00e3o; a pr\u00f3-reitora de Gest\u00e3o Administrativa, professora C\u00e9lia Regina Diniz; a pr\u00f3-reitora adjunta de Gest\u00e3o Administrativa, professora Socorro Barbosa;a coordenadora do curso de Arquivologia, professora Maria Jos\u00e9 Cordeiro Lima e paraninfa das turmas concluintes, Kalina Barbosa.<\/p>\n<p>Em sua fala, o reitor Rangel Junior parabenizou a todos os formandos e destacou a import\u00e2ncia desse momento para os familiares que compartilham dessa alegria e se orgulham pela conquistas alcan\u00e7adas. O presidente da solenidade reafirmou o compromisso social de cada formando em aplicar o conhecimento adquirido em prol da sociedade paraibana.<\/p>\n<p>\u201cN\u00f3s buscamos oferecer uma formar profissionais que saber\u00e3o n\u00e3o somente desempenhar suas fun\u00e7\u00f5es, mas honrar as profiss\u00f5es que escolheram e a Institui\u00e7\u00e3o que os formou, oferecendo \u00e0 sociedade paraibana um retorno aos investimentos realizados por meio do conhecimento adquirido ao longo de suas forma\u00e7\u00f5es\u201d, destacou Rangel J\u00fanior.<\/p>\n<p>A concluinte de Ci\u00eancias Biol\u00f3gicas, Tha\u00eds Gomes Machado, prestou o<a href=\"http:\/\/centros.ascom.uepb.edu.br\/ccbsa\/files\/2014\/03\/058.jpg\"><img loading=\"lazy\" decoding=\"async\" class=\"alignright size-thumbnail wp-image-1590 img-responsive\" alt=\"058\" src=\"http:\/\/centros.ascom.uepb.edu.br\/ccbsa\/files\/2014\/03\/058-150x150.jpg\" width=\"150\" height=\"150\" \/><\/a> juramento.\u00a0 Nayanna Sabi\u00e1 de Moura, concluinte do bacharelado em Rela\u00e7\u00f5es Internacionais, foi a oradora oficial. Emocionada, a formanda lembrou dos desafios enfrentados pelos estudantes para conseguirem conquistar a forma\u00e7\u00e3o superior e destacou a qualidade da forma\u00e7\u00e3o recebida.<\/p>\n<p>\u201cDiante das adversidades infraestruturais,\u00a0 experimentamos\u00a0 in loco os desafios de conquistar a educa\u00e7\u00e3o formal, em um pa\u00eds que ainda n\u00e3o dedica aten\u00e7\u00e3o fiel \u00e0 educa\u00e7\u00e3o. Esta universidade, no entanto, honrou o compromisso de realizar nossos sonhos. Somos resultado de um processo de co-constru\u00e7\u00e3o deste universo diverso que \u00e9 a universidade. Formamos esta universidade e ela nos forma\u201d, avaliou a formanda.<\/p>\n<p>Nayanna tamb\u00e9m homenageou os servidores que colaboraram neste processo. \u201cPara al\u00e9m de uma estrutura de tijolo e cimento, uma universidade \u00e9 constru\u00edda a partir da dedica\u00e7\u00e3o de bons profissionais. Em nome do corpo discente, tomo a liberdade de fazer uma singela homenagem a todos os profissionais, servidores, professores, terceirizados\u00a0 e alunos que, juntos, trabalham para o crescimento desta institui\u00e7\u00e3o\u201d, lembrou.<\/p>\n<p><a href=\"http:\/\/centros.ascom.uepb.edu.br\/ccbsa\/files\/2014\/03\/068.jpg\"><img loading=\"lazy\" decoding=\"async\" class=\"alignleft size-thumbnail wp-image-1591 img-responsive\" alt=\"068\" src=\"http:\/\/centros.ascom.uepb.edu.br\/ccbsa\/files\/2014\/03\/068-150x150.jpg\" width=\"150\" height=\"150\" \/><\/a>A paraninfa das turmas 2013.2, a t\u00e9cnica-administrativa do Campus V, Kaline Barbosa do Carmo, lembrou emocionada da trajet\u00f3ria desde que ingressou na UEPB por concurso p\u00fablico em 2009 e reiterou a alegria e emo\u00e7\u00e3o com o convite e a homenagem prestada pela turma de formandos.<br \/>\n\u201cDesde que entrei na UEPB fui trabalhar diretamente com os alunos na secretaria do curso de Rela\u00e7\u00f5es Internacionais, fazendo matr\u00edculas, recebendo processos, requerimentos, ouvindo dos alunos suas hist\u00f3rias. Acompanhei de perto desde a primeira turma a se formar, em 2010. Tenho um imenso orgulho em trabalhar com educa\u00e7\u00e3o superior atendendo alunos que chegam \u00e0 universidade cheios de planos, esperan\u00e7as de uma vida melhor, um crescimento profissional e intelectual. \u00c9 muito gratificante, v\u00ea-los crescendo e amadurecendo. Comento muito com minha fam\u00edlia que trabalho com o que gosto, ajudando como posso a cada aluno que entra pela porta da secretaria.<a href=\"http:\/\/centros.ascom.uepb.edu.br\/ccbsa\/files\/2014\/03\/1161.jpg\"><img loading=\"lazy\" decoding=\"async\" class=\"alignright size-thumbnail wp-image-1592 img-responsive\" alt=\"116\" src=\"http:\/\/centros.ascom.uepb.edu.br\/ccbsa\/files\/2014\/03\/1161-150x150.jpg\" width=\"150\" height=\"150\" \/><\/a> Ent\u00e3o esse \u00e9 um momento muito especial para mim\u201d, avaliou Kaline.<\/p>\n<p>Receberam o grau acad\u00eamico, em nome dos demais formandos: Faysa de Maria Silva (Arquivologia), Mayara Barbalho Monteiro (Ci\u00eancias Biol\u00f3gicas) e Mariana Miranda Lucena (Rela\u00e7\u00f5es Internacionais). A comiss\u00e3o de honra, respons\u00e1vel por conduzir paraninfa, foi formada pelos concluintes Aline de Lourdes Crispim (Arquivologia),\u00a0 Vanessa de Lima Serafim (Ci\u00eancias Biol\u00f3gicas) e Saul Pinheiro Neto (Rela\u00e7\u00f5es Internacionais).<\/p>\n","protected":false},"excerpt":{"rendered":"<p>Em clima de emo\u00e7\u00e3o, alegria e esperan\u00e7a, formandos do Campus V da Universidade Estadual da Para\u00edba (UEPB), localizado em Jo\u00e3o Pessoa, participaram da cerim\u00f4nia de Cola\u00e7\u00e3o de Grau do per\u00edodo letivo 2013, realizada na noite desta ter\u00e7a-feira (25). Presidida pelo reitor Rangel Junior, a solenidade colocou \u00e0 disposi\u00e7\u00e3o do mercado de trabalho novos profissionais de <a class=\"leiamais\" href=\"https:\/\/centros.uepb.edu.br\/ccbsa\/campus-v-forma-novos-profissionais-nas-areas-de-arquivologia-ciencias-biologicas-e-relacoes-internacionais\/\">Leia Mais&#8230;<\/a><\/p>\n","protected":false},"author":8,"featured_media":1588,"comment_status":"open","ping_status":"open","sticky":false,"template":"","format":"standard","meta":{"footnotes":""},"categories":[6],"tags":[],"class_list":["post-1586","post","type-post","status-publish","format-standard","has-post-thumbnail","hentry","category-slide"],"jetpack_featured_media_url":"https:\/\/centros.uepb.edu.br\/ccbsa\/files\/2014\/03\/116.jpg","_links":{"self":[{"href":"https:\/\/centros.uepb.edu.br\/ccbsa\/wp-json\/wp\/v2\/posts\/1586","targetHints":{"allow":["GET"]}}],"collection":[{"href":"https:\/\/centros.uepb.edu.br\/ccbsa\/wp-json\/wp\/v2\/posts"}],"about":[{"href":"https:\/\/centros.uepb.edu.br\/ccbsa\/wp-json\/wp\/v2\/types\/post"}],"author":[{"embeddable":true,"href":"https:\/\/centros.uepb.edu.br\/ccbsa\/wp-json\/wp\/v2\/users\/8"}],"replies":[{"embeddable":true,"href":"https:\/\/centros.uepb.edu.br\/ccbsa\/wp-json\/wp\/v2\/comments?post=1586"}],"version-history":[{"count":0,"href":"https:\/\/centros.uepb.edu.br\/ccbsa\/wp-json\/wp\/v2\/posts\/1586\/revisions"}],"wp:featuredmedia":[{"embeddable":true,"href":"https:\/\/centros.uepb.edu.br\/ccbsa\/wp-json\/wp\/v2\/media\/1588"}],"wp:attachment":[{"href":"https:\/\/centros.uepb.edu.br\/ccbsa\/wp-json\/wp\/v2\/media?parent=1586"}],"wp:term":[{"taxonomy":"category","embeddable":true,"href":"https:\/\/centros.uepb.edu.br\/ccbsa\/wp-json\/wp\/v2\/categories?post=1586"},{"taxonomy":"post_tag","embeddable":true,"href":"https:\/\/centros.uepb.edu.br\/ccbsa\/wp-json\/wp\/v2\/tags?post=1586"}],"curies":[{"name":"wp","href":"https:\/\/api.w.org\/{rel}","templated":true}]}}