{"id":1580,"date":"2014-03-26T13:28:54","date_gmt":"2014-03-26T13:28:54","guid":{"rendered":"\/ccbsa\/?p=1580"},"modified":"2014-03-26T13:41:04","modified_gmt":"2014-03-26T13:41:04","slug":"sesi-inscreve-ate-essa-sexta-feira-18-projetos-do-campus-v-para-participar-da-19a-edicao-do-acao-global","status":"publish","type":"post","link":"https:\/\/centros.uepb.edu.br\/ccbsa\/sesi-inscreve-ate-essa-sexta-feira-18-projetos-do-campus-v-para-participar-da-19a-edicao-do-acao-global\/","title":{"rendered":"SESI inscreve at\u00e9 essa sexta-feira (18) projetos do Campus V para participar da 19\u00aa edi\u00e7\u00e3o do A\u00e7\u00e3o Global"},"content":{"rendered":"<p>Os projetos e programas do Campus V da Universidade Estadual da Para\u00edba, foram convidados pelo Servi\u00e7o Social da Ind\u00fastria (SESI) para integrar os servi\u00e7os que ser\u00e3o disponibilizados \u00e0 popula\u00e7\u00e3o durante a 19\u00aa edi\u00e7\u00e3o do A\u00e7\u00e3o Global, que ser\u00e1 realizado de 22 a 26 de abril, na cidade de Santa Rita.<\/p>\n<p>Os interessados em apresentar os servi\u00e7os e a\u00e7\u00f5es dos projetos e programas do Campus V devem ser encaminhar \u00e0 dire\u00e7\u00e3o de Centro, at\u00e9 as 12h da pr\u00f3xima sexta-feira, 28 de mar\u00e7o, a\u00a0[wpfilebase tag=fileurl id=73 linktext=ficha \/] de inscri\u00e7\u00e3o preenchida e logomarca do projeto ou da UEPB.<\/p>\n<p>A A\u00e7\u00e3o Global \u00e9 um programa realizado pelo SESI em parceria com a Rede Globo que visa oferecer servi\u00e7os gratuitos \u00e0 popula\u00e7\u00e3o nas \u00e1reas de cidadania, sa\u00fade, lazer, cultura, responsabilidade social e educa\u00e7\u00e3o. Participam da iniciativa milhares de parceiros de institui\u00e7\u00f5es p\u00fablicas, ONGs, volunt\u00e1rios, pequenas, m\u00e9dias e grandes empresas.<\/p>\n","protected":false},"excerpt":{"rendered":"<p>Os projetos e programas do Campus V da Universidade Estadual da Para\u00edba, foram convidados pelo Servi\u00e7o Social da Ind\u00fastria (SESI) para integrar os servi\u00e7os que ser\u00e3o disponibilizados \u00e0 popula\u00e7\u00e3o durante a 19\u00aa edi\u00e7\u00e3o do A\u00e7\u00e3o Global, que ser\u00e1 realizado de 22 a 26 de abril, na cidade de Santa Rita. Os interessados em apresentar os <a class=\"leiamais\" href=\"https:\/\/centros.uepb.edu.br\/ccbsa\/sesi-inscreve-ate-essa-sexta-feira-18-projetos-do-campus-v-para-participar-da-19a-edicao-do-acao-global\/\">Leia Mais&#8230;<\/a><\/p>\n","protected":false},"author":8,"featured_media":0,"comment_status":"open","ping_status":"open","sticky":false,"template":"","format":"standard","meta":{"footnotes":""},"categories":[3,5],"tags":[],"class_list":["post-1580","post","type-post","status-publish","format-standard","hentry","category-noticias","category-visiveis"],"jetpack_featured_media_url":"","_links":{"self":[{"href":"https:\/\/centros.uepb.edu.br\/ccbsa\/wp-json\/wp\/v2\/posts\/1580","targetHints":{"allow":["GET"]}}],"collection":[{"href":"https:\/\/centros.uepb.edu.br\/ccbsa\/wp-json\/wp\/v2\/posts"}],"about":[{"href":"https:\/\/centros.uepb.edu.br\/ccbsa\/wp-json\/wp\/v2\/types\/post"}],"author":[{"embeddable":true,"href":"https:\/\/centros.uepb.edu.br\/ccbsa\/wp-json\/wp\/v2\/users\/8"}],"replies":[{"embeddable":true,"href":"https:\/\/centros.uepb.edu.br\/ccbsa\/wp-json\/wp\/v2\/comments?post=1580"}],"version-history":[{"count":0,"href":"https:\/\/centros.uepb.edu.br\/ccbsa\/wp-json\/wp\/v2\/posts\/1580\/revisions"}],"wp:attachment":[{"href":"https:\/\/centros.uepb.edu.br\/ccbsa\/wp-json\/wp\/v2\/media?parent=1580"}],"wp:term":[{"taxonomy":"category","embeddable":true,"href":"https:\/\/centros.uepb.edu.br\/ccbsa\/wp-json\/wp\/v2\/categories?post=1580"},{"taxonomy":"post_tag","embeddable":true,"href":"https:\/\/centros.uepb.edu.br\/ccbsa\/wp-json\/wp\/v2\/tags?post=1580"}],"curies":[{"name":"wp","href":"https:\/\/api.w.org\/{rel}","templated":true}]}}