{"id":1565,"date":"2014-03-20T13:24:33","date_gmt":"2014-03-20T13:24:33","guid":{"rendered":"\/ccbsa\/?p=1565"},"modified":"2014-03-20T13:27:48","modified_gmt":"2014-03-20T13:27:48","slug":"cerimonia-de-colacao-de-grau-dos-formandos-do-ccbsa-sera-realizada-na-proxima-terca-feira-25","status":"publish","type":"post","link":"https:\/\/centros.uepb.edu.br\/ccbsa\/cerimonia-de-colacao-de-grau-dos-formandos-do-ccbsa-sera-realizada-na-proxima-terca-feira-25\/","title":{"rendered":"Cerim\u00f4nia de cola\u00e7\u00e3o de grau dos formandos do CCBSA ser\u00e1 realizada na pr\u00f3xima ter\u00e7a-feira (25)"},"content":{"rendered":"<p><a href=\"http:\/\/centros.ascom.uepb.edu.br\/ccbsa\/files\/2014\/03\/artecapa-300x1951.jpg\"><img loading=\"lazy\" decoding=\"async\" class=\"alignleft size-thumbnail wp-image-1566 img-responsive\" alt=\"artecapa-300x195\" src=\"http:\/\/centros.ascom.uepb.edu.br\/ccbsa\/files\/2014\/03\/artecapa-300x1951-150x150.jpg\" width=\"150\" height=\"150\" \/><\/a>O Campus V da Universidade Estadual da Para\u00edba realiza, na pr\u00f3xima ter\u00e7a-feira, \u00e0s 18h, 25 de mar\u00e7o, no <a href=\"http:\/\/centros.ascom.uepb.edu.br\/ccbsa\/files\/2014\/03\/AUDIT\u00d3RIO-FONOAUDIOLOGIA.jpg\">audit\u00f3rio de Fonoaudiologia<\/a> da Universidade Federal da Para\u00edba, localizado no Centro de Ci\u00eancias da S\u00e1ude, Campus I, Jo\u00e3o Pessoa, a cola\u00e7\u00e3o de grau do per\u00edodo letivo 2013.2, dos formandos dos bacharelados em Arquivologia, Ci\u00eancias Biol\u00f3gicas e Rela\u00e7\u00f5es Internacionais do Centro de Ci\u00eancias Biol\u00f3gicas e Sociais Aplicadas.<\/p>\n<p>A paraninfa da turma ser\u00e1 a t\u00e9cnica-administrativa do Campus V, Kaline<a href=\"http:\/\/centros.ascom.uepb.edu.br\/ccbsa\/files\/2014\/03\/251280_1964237158617_7804960_n.jpg\"><img loading=\"lazy\" decoding=\"async\" class=\"alignright size-thumbnail wp-image-1567 img-responsive\" alt=\"251280_1964237158617_7804960_n\" src=\"http:\/\/centros.ascom.uepb.edu.br\/ccbsa\/files\/2014\/03\/251280_1964237158617_7804960_n-150x150.jpg\" width=\"150\" height=\"150\" \/><\/a> Barbosa do Carmo. A servidora, que ingressou na UEPB por Concurso P\u00fablico em 2009 e atualmente exerce suas atividades na secretaria do curso de Rela\u00e7\u00f5es Internacionais destaca a alegria e emo\u00e7\u00e3o com o convite e a satisfa\u00e7\u00e3o pelo trabalho que desempenha.<\/p>\n<p>\u201cDesde que entrei na UEPB fui trabalhar diretamente com os alunos na secretaria do curso de Rela\u00e7\u00f5es Internacionais, fazendo matr\u00edculas, recebendo processos, requerimentos, ouvindo dos alunos suas hist\u00f3rias. Acompanhei de perto desde a primeira turma a se formar, em 2010. Tenho um imenso orgulho em trabalhar com Educa\u00e7\u00e3o Superior atendendo alunos que chegam \u00e0 universidade cheios de planos, esperan\u00e7as de uma vida melhor, um crescimento profissional e intelectual. \u00c9 muito gratificante, v\u00ea-los crescendo e amadurecendo. Comento muito com minha fam\u00edlia que trabalho com o que gosto, ajudando como posso a cada aluno que entra pela porta da secretaria. Ent\u00e3o esse \u00e9 um momento muito especial para mim\u201d, avalia Kaline.<\/p>\n","protected":false},"excerpt":{"rendered":"<p>O Campus V da Universidade Estadual da Para\u00edba realiza, na pr\u00f3xima ter\u00e7a-feira, \u00e0s 18h, 25 de mar\u00e7o, no audit\u00f3rio de Fonoaudiologia da Universidade Federal da Para\u00edba, localizado no Centro de Ci\u00eancias da S\u00e1ude, Campus I, Jo\u00e3o Pessoa, a cola\u00e7\u00e3o de grau do per\u00edodo letivo 2013.2, dos formandos dos bacharelados em Arquivologia, Ci\u00eancias Biol\u00f3gicas e Rela\u00e7\u00f5es <a class=\"leiamais\" href=\"https:\/\/centros.uepb.edu.br\/ccbsa\/cerimonia-de-colacao-de-grau-dos-formandos-do-ccbsa-sera-realizada-na-proxima-terca-feira-25\/\">Leia Mais&#8230;<\/a><\/p>\n","protected":false},"author":8,"featured_media":0,"comment_status":"open","ping_status":"open","sticky":false,"template":"","format":"standard","meta":{"footnotes":""},"categories":[3,5],"tags":[],"class_list":["post-1565","post","type-post","status-publish","format-standard","hentry","category-noticias","category-visiveis"],"jetpack_featured_media_url":"","_links":{"self":[{"href":"https:\/\/centros.uepb.edu.br\/ccbsa\/wp-json\/wp\/v2\/posts\/1565","targetHints":{"allow":["GET"]}}],"collection":[{"href":"https:\/\/centros.uepb.edu.br\/ccbsa\/wp-json\/wp\/v2\/posts"}],"about":[{"href":"https:\/\/centros.uepb.edu.br\/ccbsa\/wp-json\/wp\/v2\/types\/post"}],"author":[{"embeddable":true,"href":"https:\/\/centros.uepb.edu.br\/ccbsa\/wp-json\/wp\/v2\/users\/8"}],"replies":[{"embeddable":true,"href":"https:\/\/centros.uepb.edu.br\/ccbsa\/wp-json\/wp\/v2\/comments?post=1565"}],"version-history":[{"count":0,"href":"https:\/\/centros.uepb.edu.br\/ccbsa\/wp-json\/wp\/v2\/posts\/1565\/revisions"}],"wp:attachment":[{"href":"https:\/\/centros.uepb.edu.br\/ccbsa\/wp-json\/wp\/v2\/media?parent=1565"}],"wp:term":[{"taxonomy":"category","embeddable":true,"href":"https:\/\/centros.uepb.edu.br\/ccbsa\/wp-json\/wp\/v2\/categories?post=1565"},{"taxonomy":"post_tag","embeddable":true,"href":"https:\/\/centros.uepb.edu.br\/ccbsa\/wp-json\/wp\/v2\/tags?post=1565"}],"curies":[{"name":"wp","href":"https:\/\/api.w.org\/{rel}","templated":true}]}}