{"id":1558,"date":"2014-03-20T12:43:57","date_gmt":"2014-03-20T12:43:57","guid":{"rendered":"\/ccbsa\/?p=1558"},"modified":"2014-03-20T12:43:57","modified_gmt":"2014-03-20T12:43:57","slug":"projeto-de-extensao-do-ccbsa-inicia-curso-de-empreendedorismo-voltado-a-comunidade","status":"publish","type":"post","link":"https:\/\/centros.uepb.edu.br\/ccbsa\/projeto-de-extensao-do-ccbsa-inicia-curso-de-empreendedorismo-voltado-a-comunidade\/","title":{"rendered":"Projeto de extens\u00e3o do CCBSA inicia curso de empreendedorismo voltado \u00e0 comunidade"},"content":{"rendered":"<p><a href=\"http:\/\/centros.ascom.uepb.edu.br\/ccbsa\/files\/2014\/03\/EDITADA.jpg\"><img loading=\"lazy\" decoding=\"async\" class=\"alignleft size-thumbnail wp-image-1559 img-responsive\" alt=\"EDITADA\" src=\"http:\/\/centros.ascom.uepb.edu.br\/ccbsa\/files\/2014\/03\/EDITADA-150x150.jpg\" width=\"150\" height=\"150\" \/><\/a>Criar um balc\u00e3o de neg\u00f3cios que apresente as possibilidades de atua\u00e7\u00e3o e oportunidades para empreendedores da comunidade do entorno ao Campus V da Universidade Estadual da Para\u00edba, em Jo\u00e3o Pessoa, esse \u00e9 objetivo do curso de empreendedorismo que est\u00e1 sendo realizado, desde o dia 12 de mar\u00e7o, nas depend\u00eancias do Centro de Ci\u00eancias Biol\u00f3gicas e Sociais Aplicadas da UEPB.<\/p>\n<p>O curso \u00e9 promovido pelo projeto de extens\u00e3o \u201cEmpreendedorismo e <a href=\"http:\/\/centros.ascom.uepb.edu.br\/ccbsa\/files\/2014\/03\/1514354_638846669502234_819051039_n.jpg\"><img loading=\"lazy\" decoding=\"async\" class=\"alignright size-thumbnail wp-image-1560 img-responsive\" alt=\"1514354_638846669502234_819051039_n\" src=\"http:\/\/centros.ascom.uepb.edu.br\/ccbsa\/files\/2014\/03\/1514354_638846669502234_819051039_n-150x150.jpg\" width=\"150\" height=\"150\" \/><\/a>inova\u00e7\u00e3o: desafios e perspectivas dos atuais e potenciais empreendedores\u201d, que \u00e9 vinculado ao bacharelado em Arquivologia da UEPB, e conta com o apoio do Projeto UEPB em A\u00e7\u00e3o (PUA) e SEBRAE.<\/p>\n<p>Ao todo a forma\u00e7\u00e3o conta com 14 participantes, entre estudantes e empreendedores dos bairros do Cristo e Rangel. De acordo com os organizadores, ainda h\u00e1 vagas e as inscri\u00e7\u00f5es podem ser feitas at\u00e9 o dia 25 de mar\u00e7o, ou enquanto n\u00e3o forem preenchidas todas as 25 vagas ofertadas, diretamente com a equipe do projeto de extens\u00e3o.<\/p>\n<p>Durante o curso ser\u00e3o prestar orienta\u00e7\u00f5es diversas sobre quest\u00f5es administrativas e legais para a gest\u00e3o de neg\u00f3cios. As atividades s\u00e3o realizadas \u00e0s ter\u00e7as-feiras, \u00e0 noite e o curso prossegue at\u00e9 a primeira semana de maio.<\/p>\n<p>Outras informa\u00e7\u00f5es: (83) 8803-2115<\/p>\n","protected":false},"excerpt":{"rendered":"<p>Criar um balc\u00e3o de neg\u00f3cios que apresente as possibilidades de atua\u00e7\u00e3o e oportunidades para empreendedores da comunidade do entorno ao Campus V da Universidade Estadual da Para\u00edba, em Jo\u00e3o Pessoa, esse \u00e9 objetivo do curso de empreendedorismo que est\u00e1 sendo realizado, desde o dia 12 de mar\u00e7o, nas depend\u00eancias do Centro de Ci\u00eancias Biol\u00f3gicas e <a class=\"leiamais\" href=\"https:\/\/centros.uepb.edu.br\/ccbsa\/projeto-de-extensao-do-ccbsa-inicia-curso-de-empreendedorismo-voltado-a-comunidade\/\">Leia Mais&#8230;<\/a><\/p>\n","protected":false},"author":8,"featured_media":1559,"comment_status":"open","ping_status":"open","sticky":false,"template":"","format":"standard","meta":{"footnotes":""},"categories":[6],"tags":[],"class_list":["post-1558","post","type-post","status-publish","format-standard","has-post-thumbnail","hentry","category-slide"],"jetpack_featured_media_url":"https:\/\/centros.uepb.edu.br\/ccbsa\/files\/2014\/03\/EDITADA.jpg","_links":{"self":[{"href":"https:\/\/centros.uepb.edu.br\/ccbsa\/wp-json\/wp\/v2\/posts\/1558","targetHints":{"allow":["GET"]}}],"collection":[{"href":"https:\/\/centros.uepb.edu.br\/ccbsa\/wp-json\/wp\/v2\/posts"}],"about":[{"href":"https:\/\/centros.uepb.edu.br\/ccbsa\/wp-json\/wp\/v2\/types\/post"}],"author":[{"embeddable":true,"href":"https:\/\/centros.uepb.edu.br\/ccbsa\/wp-json\/wp\/v2\/users\/8"}],"replies":[{"embeddable":true,"href":"https:\/\/centros.uepb.edu.br\/ccbsa\/wp-json\/wp\/v2\/comments?post=1558"}],"version-history":[{"count":0,"href":"https:\/\/centros.uepb.edu.br\/ccbsa\/wp-json\/wp\/v2\/posts\/1558\/revisions"}],"wp:featuredmedia":[{"embeddable":true,"href":"https:\/\/centros.uepb.edu.br\/ccbsa\/wp-json\/wp\/v2\/media\/1559"}],"wp:attachment":[{"href":"https:\/\/centros.uepb.edu.br\/ccbsa\/wp-json\/wp\/v2\/media?parent=1558"}],"wp:term":[{"taxonomy":"category","embeddable":true,"href":"https:\/\/centros.uepb.edu.br\/ccbsa\/wp-json\/wp\/v2\/categories?post=1558"},{"taxonomy":"post_tag","embeddable":true,"href":"https:\/\/centros.uepb.edu.br\/ccbsa\/wp-json\/wp\/v2\/tags?post=1558"}],"curies":[{"name":"wp","href":"https:\/\/api.w.org\/{rel}","templated":true}]}}