{"id":1555,"date":"2014-03-20T12:17:21","date_gmt":"2014-03-20T12:17:21","guid":{"rendered":"\/ccbsa\/?p=1555"},"modified":"2014-03-20T12:17:21","modified_gmt":"2014-03-20T12:17:21","slug":"nepda-insere-a-paraiba-em-discussao-nacional-sobre-migracoes-e-refugio","status":"publish","type":"post","link":"https:\/\/centros.uepb.edu.br\/ccbsa\/nepda-insere-a-paraiba-em-discussao-nacional-sobre-migracoes-e-refugio\/","title":{"rendered":"Nepda insere a Para\u00edba em discuss\u00e3o nacional sobre migra\u00e7\u00f5es e ref\u00fagio"},"content":{"rendered":"<p><a href=\"http:\/\/centros.ascom.uepb.edu.br\/ccbsa\/files\/2014\/03\/DSC04499.jpg\"><img loading=\"lazy\" decoding=\"async\" class=\"alignleft size-thumbnail wp-image-1556 img-responsive\" alt=\"DSC04499\" src=\"http:\/\/centros.ascom.uepb.edu.br\/ccbsa\/files\/2014\/03\/DSC04499-150x150.jpg\" width=\"150\" height=\"150\" \/><\/a>Com a participa\u00e7\u00e3o de estudantes, docentes e pesquisadores da Para\u00edba e de outros Estados do Brasil, presencialmente ou por teleconfer\u00eancia, foi realizada na tarde desta quarta-feira (19), no Campus V da Universidade Estadual da Para\u00edba (UEPB), em Jo\u00e3o Pessoa, a Confer\u00eancia Livre sobre Deslocados Ambientais, evento organizado pelo N\u00facleo de Estudos e Pesquisas sobre Deslocados Ambientais (Nepda) da UEPB que insere a Para\u00edba na etapa de discuss\u00f5es regionais da\u00a0 I Confer\u00eancia Nacional sobre Migra\u00e7\u00f5es e Ref\u00fagio (Comigrar), a ser realizada de 28 a 30 de maio, em S\u00e3o Paulo.<\/p>\n<p>Em todo o pa\u00eds, Estados, munic\u00edpios e organiza\u00e7\u00f5es ligadas \u00e0 tem\u00e1tica do evento, est\u00e3o organizando debates com a finalidade de elaborar propostas e eleger delegados que participar\u00e3o da confer\u00eancia nacional. De acordo com a coordenadora do Nepda, professora Andrea Pac\u00edfico, a Comigrar tem o objetivo de concatenar problem\u00e1ticas discutidas com membros do governo, sociedade civil, Organiza\u00e7\u00f5es N\u00e3o Governamentais, acad\u00eamicos e migrantes de todo o pa\u00eds sobre normas e pol\u00edticas p\u00fablicas na \u00e1rea de migra\u00e7\u00f5es e ref\u00fagio.<\/p>\n<p>A confer\u00eancia livre realizada na UEPB teve in\u00edcio com a discuss\u00e3o \u201cMigra\u00e7\u00f5es e deslocamentos: direito, pol\u00edticas p\u00fablicas e processo participativo\u201d, coordenada pela doutoranda em Direito Internacional da Universidade de S\u00e3o Paulo e pesquisadora do Nepda, Carolina Claro, seguida da palestra \u201cContextualiza\u00e7\u00e3o da tem\u00e1tica do deslocamento ambiental no Brasil\u201d ministrada pela p\u00f3s-doutora em Direito Internacional dos Refugiados pela Universidade de York \u2013 Canad\u00e1 e coordenadora do Nepda, Andrea Pac\u00edfico.<\/p>\n<p>Ap\u00f3s as palestras os participantes da confer\u00eancia foram divididos em dois grupos que discutiram a tem\u00e1tica vinculado a dois eixos: \u201cIgualdade de tratamento e acesso a servi\u00e7os e direitos e abordagem de viola\u00e7\u00f5es de direitos e meios de preven\u00e7\u00e3o e prote\u00e7\u00e3o\u201d e \u201cInser\u00e7\u00e3o social econ\u00f4mica e produtiva e participa\u00e7\u00e3o social e cidad\u00e3, transpar\u00eancia de dados\u201d.<br \/>\nForam eleitas como representantes do Nepda na Comigrar as pesquisadoras Carolina de Abreu Claro e \u00c9rika Pires Ramos. As suplentes eleitas foram Lais Azeredo Alves e Maria Clara Prado.<\/p>\n<p>Ao todo foram elaboradas 29 propostas que est\u00e3o sendo compiladas pela comiss\u00e3o organizadora do evento para serem apresentadas durante a Comigrar. Dentre as propostas apresentadas est\u00e3o a cria\u00e7\u00e3o de um cap\u00edtulo na futura norma sobre os migrantes ambientais, a realiza\u00e7\u00e3o de uma confer\u00eancia regional para padronizar o uso do termo e defini\u00e7\u00e3o do que seria e como ocorreria a inclus\u00e3o social e economia do migrante ambiental.<\/p>\n","protected":false},"excerpt":{"rendered":"<p>Com a participa\u00e7\u00e3o de estudantes, docentes e pesquisadores da Para\u00edba e de outros Estados do Brasil, presencialmente ou por teleconfer\u00eancia, foi realizada na tarde desta quarta-feira (19), no Campus V da Universidade Estadual da Para\u00edba (UEPB), em Jo\u00e3o Pessoa, a Confer\u00eancia Livre sobre Deslocados Ambientais, evento organizado pelo N\u00facleo de Estudos e Pesquisas sobre Deslocados <a class=\"leiamais\" href=\"https:\/\/centros.uepb.edu.br\/ccbsa\/nepda-insere-a-paraiba-em-discussao-nacional-sobre-migracoes-e-refugio\/\">Leia Mais&#8230;<\/a><\/p>\n","protected":false},"author":8,"featured_media":1556,"comment_status":"open","ping_status":"open","sticky":false,"template":"","format":"standard","meta":{"footnotes":""},"categories":[6],"tags":[],"class_list":["post-1555","post","type-post","status-publish","format-standard","has-post-thumbnail","hentry","category-slide"],"jetpack_featured_media_url":"https:\/\/centros.uepb.edu.br\/ccbsa\/files\/2014\/03\/DSC04499.jpg","_links":{"self":[{"href":"https:\/\/centros.uepb.edu.br\/ccbsa\/wp-json\/wp\/v2\/posts\/1555","targetHints":{"allow":["GET"]}}],"collection":[{"href":"https:\/\/centros.uepb.edu.br\/ccbsa\/wp-json\/wp\/v2\/posts"}],"about":[{"href":"https:\/\/centros.uepb.edu.br\/ccbsa\/wp-json\/wp\/v2\/types\/post"}],"author":[{"embeddable":true,"href":"https:\/\/centros.uepb.edu.br\/ccbsa\/wp-json\/wp\/v2\/users\/8"}],"replies":[{"embeddable":true,"href":"https:\/\/centros.uepb.edu.br\/ccbsa\/wp-json\/wp\/v2\/comments?post=1555"}],"version-history":[{"count":0,"href":"https:\/\/centros.uepb.edu.br\/ccbsa\/wp-json\/wp\/v2\/posts\/1555\/revisions"}],"wp:featuredmedia":[{"embeddable":true,"href":"https:\/\/centros.uepb.edu.br\/ccbsa\/wp-json\/wp\/v2\/media\/1556"}],"wp:attachment":[{"href":"https:\/\/centros.uepb.edu.br\/ccbsa\/wp-json\/wp\/v2\/media?parent=1555"}],"wp:term":[{"taxonomy":"category","embeddable":true,"href":"https:\/\/centros.uepb.edu.br\/ccbsa\/wp-json\/wp\/v2\/categories?post=1555"},{"taxonomy":"post_tag","embeddable":true,"href":"https:\/\/centros.uepb.edu.br\/ccbsa\/wp-json\/wp\/v2\/tags?post=1555"}],"curies":[{"name":"wp","href":"https:\/\/api.w.org\/{rel}","templated":true}]}}