{"id":1549,"date":"2014-03-19T17:49:48","date_gmt":"2014-03-19T17:49:48","guid":{"rendered":"\/ccbsa\/?p=1549"},"modified":"2014-03-20T10:27:39","modified_gmt":"2014-03-20T10:27:39","slug":"direcao-do-campus-de-joao-pessoa-emite-nota-de-pesar-pelo-falecimento-de-estudante-do-curso-de-ciencias-biologicas","status":"publish","type":"post","link":"https:\/\/centros.uepb.edu.br\/ccbsa\/direcao-do-campus-de-joao-pessoa-emite-nota-de-pesar-pelo-falecimento-de-estudante-do-curso-de-ciencias-biologicas\/","title":{"rendered":"Dire\u00e7\u00e3o do Campus de Jo\u00e3o Pessoa emite nota de pesar pelo falecimento de estudante de Ci\u00eancias Biol\u00f3gicas"},"content":{"rendered":"<p><!--\n@page { margin: 2cm }\nP { margin-bottom: 0.21cm }\n-->A dire\u00e7\u00e3o do campus V da Universidade Estadual da Para\u00edba (UEPB), em Jo\u00e3o Pessoa, vem a p\u00fablico manifestar, em nome de toda a comunidade acad\u00eamica da Institui\u00e7\u00e3o, o mais profundo pesar pelo falecimento de Vin\u00edcius de Souza Carvalho, aluno do 3\u00b0 per\u00edodo do Curso de Ci\u00eancias Biol\u00f3gicas, ao mesmo tempo em que presta condol\u00eancias a familiares e amigos enlutados pela irrepar\u00e1vel perda ocorrida nesta quarta-feira, 19 de mar\u00e7o de 2014. Em respeito \u00e0 mem\u00f3ria do aluno, o campus V decreta luto oficial nesta comunidade acad\u00eamica.<\/p>\n<p>O vel\u00f3rio do estudante ocorre no Parque das Ac\u00e1cias, localizado no Bairro do Jos\u00e9 Am\u00e9rico, onde tamb\u00e9m haver\u00e1 o enterro \u00e0s 9h.<\/p>\n<p>&nbsp;<\/p>\n","protected":false},"excerpt":{"rendered":"<p>A dire\u00e7\u00e3o do campus V da Universidade Estadual da Para\u00edba (UEPB), em Jo\u00e3o Pessoa, vem a p\u00fablico manifestar, em nome de toda a comunidade acad\u00eamica da Institui\u00e7\u00e3o, o mais profundo pesar pelo falecimento de Vin\u00edcius de Souza Carvalho, aluno do 3\u00b0 per\u00edodo do Curso de Ci\u00eancias Biol\u00f3gicas, ao mesmo tempo em que presta condol\u00eancias a <a class=\"leiamais\" href=\"https:\/\/centros.uepb.edu.br\/ccbsa\/direcao-do-campus-de-joao-pessoa-emite-nota-de-pesar-pelo-falecimento-de-estudante-do-curso-de-ciencias-biologicas\/\">Leia Mais&#8230;<\/a><\/p>\n","protected":false},"author":8,"featured_media":0,"comment_status":"open","ping_status":"open","sticky":false,"template":"","format":"standard","meta":{"footnotes":""},"categories":[3,5],"tags":[],"class_list":["post-1549","post","type-post","status-publish","format-standard","hentry","category-noticias","category-visiveis"],"jetpack_featured_media_url":"","_links":{"self":[{"href":"https:\/\/centros.uepb.edu.br\/ccbsa\/wp-json\/wp\/v2\/posts\/1549","targetHints":{"allow":["GET"]}}],"collection":[{"href":"https:\/\/centros.uepb.edu.br\/ccbsa\/wp-json\/wp\/v2\/posts"}],"about":[{"href":"https:\/\/centros.uepb.edu.br\/ccbsa\/wp-json\/wp\/v2\/types\/post"}],"author":[{"embeddable":true,"href":"https:\/\/centros.uepb.edu.br\/ccbsa\/wp-json\/wp\/v2\/users\/8"}],"replies":[{"embeddable":true,"href":"https:\/\/centros.uepb.edu.br\/ccbsa\/wp-json\/wp\/v2\/comments?post=1549"}],"version-history":[{"count":0,"href":"https:\/\/centros.uepb.edu.br\/ccbsa\/wp-json\/wp\/v2\/posts\/1549\/revisions"}],"wp:attachment":[{"href":"https:\/\/centros.uepb.edu.br\/ccbsa\/wp-json\/wp\/v2\/media?parent=1549"}],"wp:term":[{"taxonomy":"category","embeddable":true,"href":"https:\/\/centros.uepb.edu.br\/ccbsa\/wp-json\/wp\/v2\/categories?post=1549"},{"taxonomy":"post_tag","embeddable":true,"href":"https:\/\/centros.uepb.edu.br\/ccbsa\/wp-json\/wp\/v2\/tags?post=1549"}],"curies":[{"name":"wp","href":"https:\/\/api.w.org\/{rel}","templated":true}]}}