{"id":1545,"date":"2014-03-19T14:21:03","date_gmt":"2014-03-19T14:21:03","guid":{"rendered":"\/ccbsa\/?p=1545"},"modified":"2014-03-20T13:32:05","modified_gmt":"2014-03-20T13:32:05","slug":"discentes-do-4o-periodo-de-arquivologia-criam-site-para-o-memorial-da-assembleia-legislativa-da-paraiba","status":"publish","type":"post","link":"https:\/\/centros.uepb.edu.br\/ccbsa\/discentes-do-4o-periodo-de-arquivologia-criam-site-para-o-memorial-da-assembleia-legislativa-da-paraiba\/","title":{"rendered":"Discentes do 4\u00ba per\u00edodo de Arquivologia criam site para o Memorial da Assembleia Legislativa da Para\u00edba"},"content":{"rendered":"<p><a href=\"http:\/\/centros.ascom.uepb.edu.br\/ccbsa\/files\/2014\/03\/2b3944d841931bdcaf8b418facd64f23.jpg\"><img loading=\"lazy\" decoding=\"async\" class=\"alignleft size-thumbnail wp-image-1546 img-responsive\" alt=\"2b3944d841931bdcaf8b418facd64f23\" src=\"http:\/\/centros.ascom.uepb.edu.br\/ccbsa\/files\/2014\/03\/2b3944d841931bdcaf8b418facd64f23-150x150.jpg\" width=\"150\" height=\"150\" \/><\/a>Com o objetivo de criar um espa\u00e7o de divulga\u00e7\u00e3o de documentos que retratam parte da hist\u00f3ria dos 185 anos desde a cria\u00e7\u00e3o da Assembleia Legislativa do Estado da Para\u00edba, os discentes do 4\u00ba per\u00edodo do curso de Arquivologia da Universidade Estadual da Para\u00edba (UEPB), vinculados ao componente curricular \u201cDiplom\u00e1tica\u201d, sob a orienta\u00e7\u00e3o da professora Maria Am\u00e9lia Teixeira, criaram o <a href=\"http:\/\/arqnews.wordpress.com\">endere\u00e7o eletr\u00f4nico<\/a> do Memorial da Assembleia Legislativa.<\/p>\n<p>A iniciativa est\u00e1 em conson\u00e2ncia com os pressupostos b\u00e1sicos de forma\u00e7\u00e3o arquiv\u00edstica da UEPB, que busca formas profissionais habilitados a planejar e elaborar instrumentos de recupera\u00e7\u00e3o das informa\u00e7\u00f5es arquiv\u00edsticas que permitam sua utiliza\u00e7\u00e3o na tomada de decis\u00f5es e na pesquisa cient\u00edfica utilizando recursos articulados \u00e0s demandas das tecnologias da informa\u00e7\u00e3o e comunica\u00e7\u00e3o.<\/p>\n<p>O endere\u00e7o eletr\u00f4nico conta com espa\u00e7os para a divulga\u00e7\u00e3o de informa\u00e7\u00f5es do arquivo, da biblioteca,\u00a0al\u00e9m de fotografias, todos produzidos pelos discentes da UEPB. De acordo com a professora Maria Am\u00e9lia Teixeira o site \u00e9 uma forma de fundamentar o saber arquiv\u00edstico contribuindo para a restitui\u00e7\u00e3o e preserva\u00e7\u00e3o da mem\u00f3ria do poder legislativo e tamb\u00e9m da hist\u00f3ria da Para\u00edba contemplando, assim, as tr\u00eas grandes \u00e1reas da Ci\u00eancia da Informa\u00e7\u00e3o (Arquivologia, Biblioteconomia e Museologia).<\/p>\n","protected":false},"excerpt":{"rendered":"<p>Com o objetivo de criar um espa\u00e7o de divulga\u00e7\u00e3o de documentos que retratam parte da hist\u00f3ria dos 185 anos desde a cria\u00e7\u00e3o da Assembleia Legislativa do Estado da Para\u00edba, os discentes do 4\u00ba per\u00edodo do curso de Arquivologia da Universidade Estadual da Para\u00edba (UEPB), vinculados ao componente curricular \u201cDiplom\u00e1tica\u201d, sob a orienta\u00e7\u00e3o da professora Maria <a class=\"leiamais\" href=\"https:\/\/centros.uepb.edu.br\/ccbsa\/discentes-do-4o-periodo-de-arquivologia-criam-site-para-o-memorial-da-assembleia-legislativa-da-paraiba\/\">Leia Mais&#8230;<\/a><\/p>\n","protected":false},"author":8,"featured_media":1546,"comment_status":"open","ping_status":"open","sticky":false,"template":"","format":"standard","meta":{"footnotes":""},"categories":[3,5],"tags":[],"class_list":["post-1545","post","type-post","status-publish","format-standard","has-post-thumbnail","hentry","category-noticias","category-visiveis"],"jetpack_featured_media_url":"https:\/\/centros.uepb.edu.br\/ccbsa\/files\/2014\/03\/2b3944d841931bdcaf8b418facd64f23.jpg","_links":{"self":[{"href":"https:\/\/centros.uepb.edu.br\/ccbsa\/wp-json\/wp\/v2\/posts\/1545","targetHints":{"allow":["GET"]}}],"collection":[{"href":"https:\/\/centros.uepb.edu.br\/ccbsa\/wp-json\/wp\/v2\/posts"}],"about":[{"href":"https:\/\/centros.uepb.edu.br\/ccbsa\/wp-json\/wp\/v2\/types\/post"}],"author":[{"embeddable":true,"href":"https:\/\/centros.uepb.edu.br\/ccbsa\/wp-json\/wp\/v2\/users\/8"}],"replies":[{"embeddable":true,"href":"https:\/\/centros.uepb.edu.br\/ccbsa\/wp-json\/wp\/v2\/comments?post=1545"}],"version-history":[{"count":0,"href":"https:\/\/centros.uepb.edu.br\/ccbsa\/wp-json\/wp\/v2\/posts\/1545\/revisions"}],"wp:featuredmedia":[{"embeddable":true,"href":"https:\/\/centros.uepb.edu.br\/ccbsa\/wp-json\/wp\/v2\/media\/1546"}],"wp:attachment":[{"href":"https:\/\/centros.uepb.edu.br\/ccbsa\/wp-json\/wp\/v2\/media?parent=1545"}],"wp:term":[{"taxonomy":"category","embeddable":true,"href":"https:\/\/centros.uepb.edu.br\/ccbsa\/wp-json\/wp\/v2\/categories?post=1545"},{"taxonomy":"post_tag","embeddable":true,"href":"https:\/\/centros.uepb.edu.br\/ccbsa\/wp-json\/wp\/v2\/tags?post=1545"}],"curies":[{"name":"wp","href":"https:\/\/api.w.org\/{rel}","templated":true}]}}