{"id":1541,"date":"2014-03-18T14:45:59","date_gmt":"2014-03-18T14:45:59","guid":{"rendered":"\/ccbsa\/?p=1541"},"modified":"2014-03-26T13:31:39","modified_gmt":"2014-03-26T13:31:39","slug":"matriculas-de-veteranos-ocorrem-de-21-a-25-de-marco","status":"publish","type":"post","link":"https:\/\/centros.uepb.edu.br\/ccbsa\/matriculas-de-veteranos-ocorrem-de-21-a-25-de-marco\/","title":{"rendered":"Matr\u00edculas de veteranos do CCBSA ocorrem nesta quarta-feira (26)"},"content":{"rendered":"<p>A Pro-reitoria de Gradua\u00e7\u00e3o (PROGRAD) da Universidade Estadual da Para\u00edba informa que as matr\u00edculas de alunos veteranos\u00a0 do Campus V para o per\u00edodo letivo 2014.1, s\u00e3o realizadas nesta quarta-feira, 26 de mar\u00e7o, no site do <a title=\"Controle Acad\u00eamico\" href=\"https:\/\/edna.uepb.edu.br\/ca\/index.php\/usuario\/autenticacao\" target=\"_blank\">Controle Acad\u00eamico<\/a> no portal da UEPB.<\/p>\n<p>Caso haja alguma problema ou pend\u00eancia ao realizar o procedimento os estudantes devem procurar a coordena\u00e7\u00e3o de curso para realizar as devidas corre\u00e7\u00f5es.<\/p>\n<p>&nbsp;<\/p>\n","protected":false},"excerpt":{"rendered":"<p>A Pro-reitoria de Gradua\u00e7\u00e3o (PROGRAD) da Universidade Estadual da Para\u00edba informa que as matr\u00edculas de alunos veteranos\u00a0 do Campus V para o per\u00edodo letivo 2014.1, s\u00e3o realizadas nesta quarta-feira, 26 de mar\u00e7o, no site do Controle Acad\u00eamico no portal da UEPB. Caso haja alguma problema ou pend\u00eancia ao realizar o procedimento os estudantes devem procurar <a class=\"leiamais\" href=\"https:\/\/centros.uepb.edu.br\/ccbsa\/matriculas-de-veteranos-ocorrem-de-21-a-25-de-marco\/\">Leia Mais&#8230;<\/a><\/p>\n","protected":false},"author":8,"featured_media":0,"comment_status":"open","ping_status":"open","sticky":false,"template":"","format":"standard","meta":{"footnotes":""},"categories":[3,5],"tags":[],"class_list":["post-1541","post","type-post","status-publish","format-standard","hentry","category-noticias","category-visiveis"],"jetpack_featured_media_url":"","_links":{"self":[{"href":"https:\/\/centros.uepb.edu.br\/ccbsa\/wp-json\/wp\/v2\/posts\/1541","targetHints":{"allow":["GET"]}}],"collection":[{"href":"https:\/\/centros.uepb.edu.br\/ccbsa\/wp-json\/wp\/v2\/posts"}],"about":[{"href":"https:\/\/centros.uepb.edu.br\/ccbsa\/wp-json\/wp\/v2\/types\/post"}],"author":[{"embeddable":true,"href":"https:\/\/centros.uepb.edu.br\/ccbsa\/wp-json\/wp\/v2\/users\/8"}],"replies":[{"embeddable":true,"href":"https:\/\/centros.uepb.edu.br\/ccbsa\/wp-json\/wp\/v2\/comments?post=1541"}],"version-history":[{"count":0,"href":"https:\/\/centros.uepb.edu.br\/ccbsa\/wp-json\/wp\/v2\/posts\/1541\/revisions"}],"wp:attachment":[{"href":"https:\/\/centros.uepb.edu.br\/ccbsa\/wp-json\/wp\/v2\/media?parent=1541"}],"wp:term":[{"taxonomy":"category","embeddable":true,"href":"https:\/\/centros.uepb.edu.br\/ccbsa\/wp-json\/wp\/v2\/categories?post=1541"},{"taxonomy":"post_tag","embeddable":true,"href":"https:\/\/centros.uepb.edu.br\/ccbsa\/wp-json\/wp\/v2\/tags?post=1541"}],"curies":[{"name":"wp","href":"https:\/\/api.w.org\/{rel}","templated":true}]}}