{"id":1528,"date":"2014-03-11T14:58:51","date_gmt":"2014-03-11T14:58:51","guid":{"rendered":"\/ccbsa\/?p=1528"},"modified":"2014-03-13T10:28:54","modified_gmt":"2014-03-13T10:28:54","slug":"demopraxis-e-realizada-no-campus-v-com-uma-reflexao-sobre-a-cidadania-e-o-processo-democratico-brasileiro","status":"publish","type":"post","link":"https:\/\/centros.uepb.edu.br\/ccbsa\/demopraxis-e-realizada-no-campus-v-com-uma-reflexao-sobre-a-cidadania-e-o-processo-democratico-brasileiro\/","title":{"rendered":"DemoPR\u00c1XIS \u00e9 realizada com uma reflex\u00e3o sobre a cidadania e o processo democr\u00e1tico brasileiro"},"content":{"rendered":"<p><a href=\"http:\/\/centros.ascom.uepb.edu.br\/ccbsa\/files\/2014\/03\/SAM_7135.jpg\"><img loading=\"lazy\" decoding=\"async\" class=\"alignleft size-thumbnail wp-image-1529 img-responsive\" alt=\"SAM_7135\" src=\"http:\/\/centros.ascom.uepb.edu.br\/ccbsa\/files\/2014\/03\/SAM_7135-150x150.jpg\" width=\"150\" height=\"150\" \/><\/a>\u201cDa corrida eleitoral imediatista \u00e0 reflex\u00e3o cidad\u00e3 continuada\u201d, esse foi o tema da 2\u00aa edi\u00e7\u00e3o da DemoPR\u00c1XIS, mostra promovida nesta segunda-feira (10), das 9 \u00e0s 17h, nas instala\u00e7\u00f5es do Campus V da Universidade Estadual da Para\u00edba, em Jo\u00e3o Pessoa, pela turma de 1\u00ba per\u00edodo do componente curricular \u201cInforma\u00e7\u00e3o e Sociedade\u201d do Bacharelado em Arquivologia da UEPB.<\/p>\n<p>De acordo com o coordenador do evento, o professor Henrique Fran\u00e7a, a 2\u00aa DemoPR\u00c1XIS mant\u00e9m a t\u00f4nica do edi\u00e7\u00e3o anterior, ou seja, discutir cidadania a partir do processo democr\u00e1tico. \u201cEsse ano acrescentamos \u00e0 essa discuss\u00e3o uma an\u00e1lise sobre a s\u00e9rie de manifesta\u00e7\u00f5es que marca o pa\u00eds desde o ano passado, o porqu\u00ea dessa insatisfa\u00e7\u00e3o generalizada. A proposta n\u00e3o \u00e9 convencer ningu\u00e9m a nada, queremos suscitar uma reflex\u00e3o, apresentar ideias para que cada um fa\u00e7a suas considera\u00e7\u00f5es. Esse \u00e9 papel da universidade, discutir, suscitar esse tipo de cr\u00edtica, estimular os estudantes a ir al\u00e9m do que \u00e9 apresentado em sala de aula\u201d, destaca o docente<\/p>\n<p>No per\u00edodo da manh\u00e3 e tarde os alunos realizaram a exposi\u00e7\u00e3o de v\u00e1rias<a href=\"http:\/\/centros.ascom.uepb.edu.br\/ccbsa\/files\/2014\/03\/SAM_7144.jpg\"><img loading=\"lazy\" decoding=\"async\" class=\"alignright size-thumbnail wp-image-1530 img-responsive\" alt=\"SAM_7144\" src=\"http:\/\/centros.ascom.uepb.edu.br\/ccbsa\/files\/2014\/03\/SAM_7144-150x150.jpg\" width=\"150\" height=\"150\" \/><\/a> tem\u00e1ticas relacionadas \u00e0 democracia e cidadania. Foram montados stands que abordaram os gastos de campanha e a produ\u00e7\u00e3o parlamentar no Brasil, o grupo apresentou quanto cada parlamentar brasileiro custa aos cofres p\u00fablicos; o movimento contra a corrup\u00e7\u00e3o, com o esclarecimento sobre a diferen\u00e7a entre voto nulo e voto branco e a distribui\u00e7\u00e3o de panfletos da Controladoria Geral da Uni\u00e3o, Minist\u00e9rio P\u00fablico Federal, Procuradoria da Rep\u00fablica e Tribunal Regional Eleitoral; um comparativo entre o processo eleitoral no Brasil e no exterior, a utiliza\u00e7\u00e3o da urna eletr\u00f4nica e biometria.<\/p>\n<p>Tamb\u00e9m foram discutidas as perspectivas de mudan\u00e7a a partir do or\u00e7amento participativo, peti\u00e7\u00e3o p\u00fablica, lei popular e o conceito de democracia experimental \u2013 Demoex \u2013 implantado por um partido que surgiu na Su\u00e9cia e que utiliza a democracia direta para tomar decis\u00f5es. Por meio deste sistema, o representante eleito pelo povo se posiciona de acordo com o resultado de vota\u00e7\u00f5es online feitas pelos membros do partido.<\/p>\n<p>Outro stand abordou a quest\u00e3o da Lei de acesso \u00e0 informa\u00e7\u00e3o, sancionada no fim de 2011 e que entrou em vigor em maio de 2012, com o objetivo de garantir aos cidad\u00e3os brasileiros acesso aos dados oficiais do Executivo, Legislativo e Judici\u00e1rio. E a novidade dessa edi\u00e7\u00e3o da DemoPR\u00c1XIS foi o stand sobre o \u201cJeitinho brasileiro\u201d, numa busca por suscitar um questionamento sobre o lado positivo e negativo dessa cultura que pode ser definida como criatividade ou corrup\u00e7\u00e3o.<\/p>\n<p>Ap\u00f3s a exposi\u00e7\u00e3o, a partir das 10h30 foi realizada a palestra do presidente da Comiss\u00e3o de Direitos Humanos da Ordem dos Advogados do Brasil na Para\u00edba (OAB-PB), e representante da Procuradoria Geral Munic\u00edpio de Jo\u00e3o Pessoa no Conselho Municipal de Transpar\u00eancia e Combate \u00e0 Corrup\u00e7\u00e3o, Alexandre Guedes. O procurador \u00e9 autor da lei que adaptou a Lei Federal de Acesso \u00e0 Informa\u00e7\u00e3o \u00e0s peculiaridades do mun\u00edcipio de Jo\u00e3o Pessoa.<\/p>\n<p>Durante a palestra foi apresentada a Lei Federal de Acesso \u00e0 Informa\u00e7\u00e3o e as adapta\u00e7\u00f5es feitas a n\u00edvel de munic\u00edpio, os avan\u00e7os, a utilidade pr\u00e1tica e aplicabilidade da lei. \u201cNo nosso pa\u00eds temos uma das maiores produ\u00e7\u00f5es legislativas do mundo, no entanto, temos dificuldades em dar efetividade \u00e0 lei. O nosso papel \u00e9 levar o conhecimento dessa produ\u00e7\u00e3o \u00e0 popula\u00e7\u00e3o trabalhando a quest\u00e3o da educa\u00e7\u00e3o para a cidadania, e, nesse sentido, os estudantes t\u00eam um papel fundamental, de provocar essa mudan\u00e7a substancial de postura a partir de uma vis\u00e3o cr\u00edtica\u201d, avalia Alexandre Guedes.<\/p>\n<p><span style=\"line-height: 1.5em\">Ap\u00f3s as palestras os participantes do evento assistiram a v\u00eddeos curtos relacionados \u00e0 tem\u00e1tica do evento, abordando quest\u00f5es como a corrup\u00e7\u00e3o, gastos parlamentares, elei\u00e7\u00f5es, entre outras.<\/span><\/p>\n<p>Para a estudante do 3\u00ba per\u00edodo de Arquivologia, \u00c2ngela Cabral, que participou das duas edi\u00e7\u00f5es da DemoPR\u00c1XIS, o evento \u00e9 uma oportunidade \u201cbastante rica para os estudantes obterem informa\u00e7\u00f5es sobre o processo eleitoral, especialmente no ano de elei\u00e7\u00f5es, \u00e9 importante lan\u00e7ar um olhar cr\u00edtica sobre a cidadania e democracia no Brasil\u201d.<\/p>\n","protected":false},"excerpt":{"rendered":"<p>\u201cDa corrida eleitoral imediatista \u00e0 reflex\u00e3o cidad\u00e3 continuada\u201d, esse foi o tema da 2\u00aa edi\u00e7\u00e3o da DemoPR\u00c1XIS, mostra promovida nesta segunda-feira (10), das 9 \u00e0s 17h, nas instala\u00e7\u00f5es do Campus V da Universidade Estadual da Para\u00edba, em Jo\u00e3o Pessoa, pela turma de 1\u00ba per\u00edodo do componente curricular \u201cInforma\u00e7\u00e3o e Sociedade\u201d do Bacharelado em Arquivologia da <a class=\"leiamais\" href=\"https:\/\/centros.uepb.edu.br\/ccbsa\/demopraxis-e-realizada-no-campus-v-com-uma-reflexao-sobre-a-cidadania-e-o-processo-democratico-brasileiro\/\">Leia Mais&#8230;<\/a><\/p>\n","protected":false},"author":8,"featured_media":1529,"comment_status":"open","ping_status":"open","sticky":false,"template":"","format":"standard","meta":{"footnotes":""},"categories":[6],"tags":[],"class_list":["post-1528","post","type-post","status-publish","format-standard","has-post-thumbnail","hentry","category-slide"],"jetpack_featured_media_url":"https:\/\/centros.uepb.edu.br\/ccbsa\/files\/2014\/03\/SAM_7135.jpg","_links":{"self":[{"href":"https:\/\/centros.uepb.edu.br\/ccbsa\/wp-json\/wp\/v2\/posts\/1528","targetHints":{"allow":["GET"]}}],"collection":[{"href":"https:\/\/centros.uepb.edu.br\/ccbsa\/wp-json\/wp\/v2\/posts"}],"about":[{"href":"https:\/\/centros.uepb.edu.br\/ccbsa\/wp-json\/wp\/v2\/types\/post"}],"author":[{"embeddable":true,"href":"https:\/\/centros.uepb.edu.br\/ccbsa\/wp-json\/wp\/v2\/users\/8"}],"replies":[{"embeddable":true,"href":"https:\/\/centros.uepb.edu.br\/ccbsa\/wp-json\/wp\/v2\/comments?post=1528"}],"version-history":[{"count":0,"href":"https:\/\/centros.uepb.edu.br\/ccbsa\/wp-json\/wp\/v2\/posts\/1528\/revisions"}],"wp:featuredmedia":[{"embeddable":true,"href":"https:\/\/centros.uepb.edu.br\/ccbsa\/wp-json\/wp\/v2\/media\/1529"}],"wp:attachment":[{"href":"https:\/\/centros.uepb.edu.br\/ccbsa\/wp-json\/wp\/v2\/media?parent=1528"}],"wp:term":[{"taxonomy":"category","embeddable":true,"href":"https:\/\/centros.uepb.edu.br\/ccbsa\/wp-json\/wp\/v2\/categories?post=1528"},{"taxonomy":"post_tag","embeddable":true,"href":"https:\/\/centros.uepb.edu.br\/ccbsa\/wp-json\/wp\/v2\/tags?post=1528"}],"curies":[{"name":"wp","href":"https:\/\/api.w.org\/{rel}","templated":true}]}}