{"id":1525,"date":"2014-03-07T19:30:03","date_gmt":"2014-03-07T19:30:03","guid":{"rendered":"\/ccbsa\/?p=1525"},"modified":"2014-03-07T19:30:03","modified_gmt":"2014-03-07T19:30:03","slug":"campus-v-realizara-evento-de-conscientizacao-para-o-uso-racional-da-agua","status":"publish","type":"post","link":"https:\/\/centros.uepb.edu.br\/ccbsa\/campus-v-realizara-evento-de-conscientizacao-para-o-uso-racional-da-agua\/","title":{"rendered":"Campus V realizar\u00e1 evento de conscientiza\u00e7\u00e3o para o uso racional da \u00e1gua"},"content":{"rendered":"<p>Polui\u00e7\u00e3o ambiental, seca, altos \u00edndices de lixo org\u00e2nico e industrial jogados sem tratamento nos rios, falta de saneamento b\u00e1sico em v\u00e1rias \u00e1reas urbanas, estes s\u00e3o alguns dos problemas que metade da popula\u00e7\u00e3o mundial enfrenta na atualidade que ocasionam dificuldades no abastecimento de \u00e1gua. E o cen\u00e1rio para futuro \u00e9 desanimador, caso n\u00e3o haja uma conscientiza\u00e7\u00e3o da popula\u00e7\u00e3o.<\/p>\n<p>Em 22 de mar\u00e7o \u00e9 comemorado o\u00a0 Dia mundial da \u00e1gua, data institu\u00edda pela Organiza\u00e7\u00e3o das Na\u00e7\u00f5es Unidas (ONU), com objetivo de suscitar discuss\u00f5es sobre os diversos temas relacionados \u00e0 preserva\u00e7\u00e3o da \u00e1gua. Em alus\u00e3o \u00e0 data, a turma de estudantes do 6\u00ba per\u00edodo de Ci\u00eancias Biol\u00f3gicas do Campus V da Universidade Estadual da Para\u00edba, vinculados ao componente curricular \u201cEduca\u00e7\u00e3o Ambiental\u201d, sob a coordena\u00e7\u00e3o da professora F\u00e1tima Ara\u00fajo, realizar\u00e1 na pr\u00f3xima segunda-feira (10), das 10 \u00e0s 17h, no p\u00e1tio do Campus V, uma campanha de conscientiza\u00e7\u00e3o sobre o uso racional da \u00e1gua.<\/p>\n<p>O evento contar\u00e1 com a entrega de material educativo, apresenta\u00e7\u00e3o de alternativas para a economia de \u00e1gua, exposi\u00e7\u00e3o de cartazes, distribui\u00e7\u00e3o de mudas de plantas e uma pe\u00e7a circense que abordar\u00e1 a tem\u00e1tica do evento de forma l\u00fadica.<\/p>\n<p>A iniciativa conta com o apoio do Projeto UEPB em A\u00e7\u00e3o (PUA), da Companhia de \u00c1gua e Esgotos da Para\u00edba (Cagepa) e da empresa EcoWash Lavagem automotiva ecol\u00f3gica, que apresentar\u00e1 a proposta de lavagem automotiva \u00e0 seco. Durante o per\u00edodo que segue at\u00e9 o dia 22 de mar\u00e7o, os estudantes continuar\u00e3o distribuindo mudas nas depend\u00eancias do Campus V e permanecer\u00e3o com a campanha a favor do uso consciente da \u00e1gua.<\/p>\n","protected":false},"excerpt":{"rendered":"<p>Polui\u00e7\u00e3o ambiental, seca, altos \u00edndices de lixo org\u00e2nico e industrial jogados sem tratamento nos rios, falta de saneamento b\u00e1sico em v\u00e1rias \u00e1reas urbanas, estes s\u00e3o alguns dos problemas que metade da popula\u00e7\u00e3o mundial enfrenta na atualidade que ocasionam dificuldades no abastecimento de \u00e1gua. E o cen\u00e1rio para futuro \u00e9 desanimador, caso n\u00e3o haja uma conscientiza\u00e7\u00e3o <a class=\"leiamais\" href=\"https:\/\/centros.uepb.edu.br\/ccbsa\/campus-v-realizara-evento-de-conscientizacao-para-o-uso-racional-da-agua\/\">Leia Mais&#8230;<\/a><\/p>\n","protected":false},"author":8,"featured_media":1526,"comment_status":"open","ping_status":"open","sticky":false,"template":"","format":"standard","meta":{"footnotes":""},"categories":[6],"tags":[],"class_list":["post-1525","post","type-post","status-publish","format-standard","has-post-thumbnail","hentry","category-slide"],"jetpack_featured_media_url":"https:\/\/centros.uepb.edu.br\/ccbsa\/files\/2014\/03\/Corbis-42-19721746.jpg","_links":{"self":[{"href":"https:\/\/centros.uepb.edu.br\/ccbsa\/wp-json\/wp\/v2\/posts\/1525","targetHints":{"allow":["GET"]}}],"collection":[{"href":"https:\/\/centros.uepb.edu.br\/ccbsa\/wp-json\/wp\/v2\/posts"}],"about":[{"href":"https:\/\/centros.uepb.edu.br\/ccbsa\/wp-json\/wp\/v2\/types\/post"}],"author":[{"embeddable":true,"href":"https:\/\/centros.uepb.edu.br\/ccbsa\/wp-json\/wp\/v2\/users\/8"}],"replies":[{"embeddable":true,"href":"https:\/\/centros.uepb.edu.br\/ccbsa\/wp-json\/wp\/v2\/comments?post=1525"}],"version-history":[{"count":0,"href":"https:\/\/centros.uepb.edu.br\/ccbsa\/wp-json\/wp\/v2\/posts\/1525\/revisions"}],"wp:featuredmedia":[{"embeddable":true,"href":"https:\/\/centros.uepb.edu.br\/ccbsa\/wp-json\/wp\/v2\/media\/1526"}],"wp:attachment":[{"href":"https:\/\/centros.uepb.edu.br\/ccbsa\/wp-json\/wp\/v2\/media?parent=1525"}],"wp:term":[{"taxonomy":"category","embeddable":true,"href":"https:\/\/centros.uepb.edu.br\/ccbsa\/wp-json\/wp\/v2\/categories?post=1525"},{"taxonomy":"post_tag","embeddable":true,"href":"https:\/\/centros.uepb.edu.br\/ccbsa\/wp-json\/wp\/v2\/tags?post=1525"}],"curies":[{"name":"wp","href":"https:\/\/api.w.org\/{rel}","templated":true}]}}