{"id":1494,"date":"2014-02-26T14:58:03","date_gmt":"2014-02-26T14:58:03","guid":{"rendered":"\/ccbsa\/?p=1494"},"modified":"2014-03-12T15:01:22","modified_gmt":"2014-03-12T15:01:22","slug":"nucleo-de-estudos-sobre-deslocados-ambientais-promove-evento-de-preparacao-para-a-comigrar","status":"publish","type":"post","link":"https:\/\/centros.uepb.edu.br\/ccbsa\/nucleo-de-estudos-sobre-deslocados-ambientais-promove-evento-de-preparacao-para-a-comigrar\/","title":{"rendered":"N\u00facleo de Estudos sobre Deslocados Ambientais promove evento de prepara\u00e7\u00e3o para a COMIGRAR"},"content":{"rendered":"<p><a href=\"http:\/\/centros.ascom.uepb.edu.br\/ccbsa\/files\/2014\/02\/NEPDA1.png\"><img loading=\"lazy\" decoding=\"async\" class=\"alignleft size-thumbnail wp-image-1497 img-responsive\" alt=\"NEPDA\" src=\"http:\/\/centros.ascom.uepb.edu.br\/ccbsa\/files\/2014\/02\/NEPDA1-150x150.png\" width=\"150\" height=\"150\" \/><\/a>O N\u00facleo de Estudos e Pesquisas sobre Deslocados Ambientais (Nepda), vinculado ao Centro de Ci\u00eancias Biol\u00f3gicas e Sociais Aplicadas da Universidade Estadual da Para\u00edba (UEPB), promove, no dia 19 de mar\u00e7o, das 14 \u00e0s 18h, no audit\u00f3rio do Campus V da UEPB, localizado a rua Hor\u00e1cio Trajano de Oliveira, s\/n, Cristo, Jo\u00e3o Pessoa, a Confer\u00eancia Livre sobre Deslocados Ambientais.<\/p>\n<p>Voltado a estudantes e docentes, membros do Governo e da sociedade civil, o evento contar\u00e1 com discuss\u00f5es sobre o tema das migra\u00e7\u00f5es e dos deslocamentos associados ao meio ambiente, inclu\u00eddos os seus reflexos no direito, na pol\u00edtica e nas comunidades de migrantes e deslocados ambientais no Brasil. Ap\u00f3s o debate haver\u00e1 a elabora\u00e7\u00e3o propostas que ser\u00e3o enviadas, em nome do Nepda, para a I Confer\u00eancia Nacional sobre Migra\u00e7\u00f5es e Ref\u00fagio (Comigrar) que ocorrer\u00e1 de 28 a 30 de maio, em S\u00e3o Paulo.<\/p>\n<p>As palestrantes ser\u00e3o a coordenadora do Nepda, professora Andrea Pacheco Pacifico, que \u00e9 p\u00f3s-doutora em Direito Internacional dos Refugiados pela Universidade de York \u2013 Canad\u00e1 e integra o corpo docente da gradua\u00e7\u00e3o e do Mestrado em Rela\u00e7\u00f5es Internacionais da UEPB, e Carolina Claro, que \u00e9 doutoranda em Direito Internacional pela Universidade de S\u00e3o Paulo (USP) e comp\u00f5e a equipe de pesquisadores do Nepda.<\/p>\n<p>De acordo com a professora Andrea Pac\u00edfico as migra\u00e7\u00f5es e os deslocamentos associados \u00e0s causas ambientais n\u00e3o s\u00e3o novos na hist\u00f3ria humana, mas esses movimentos t\u00eam aumentado dramaticamente em raz\u00e3o tanto dos efeitos das mudan\u00e7as do clima, quanto da maior incid\u00eancia de causas naturais e antr\u00f3picas que afetam a vida humana e das causas mistas, que combinam a a\u00e7\u00e3o antr\u00f3pica sobre o meio ambiente com as causas naturais.<\/p>\n<p>\u201cO tema dos deslocados ambientais, embora de suma import\u00e2ncia nos estudos migrat\u00f3rios, ainda \u00e9 pouco discutido no Brasil e esta ser\u00e1 uma oportunidade \u00edmpar para coloc\u00e1-lo na agenda da I COMIGRAR e nas propostas a serem discutidas na etapa nacional da Confer\u00eancia\u201d, explicou a professora Andrea.<\/p>\n<p>Para participar do evento organizado pelo Nepda n\u00e3o \u00e9 necess\u00e1ria uma inscri\u00e7\u00e3o pr\u00e9via, mas, os participantes devem preencher uma lista de presen\u00e7a no dia do evento, pois, ao final da confer\u00eancia ser\u00e3o eleitos os delegados que ir\u00e3o representar o Nepda na I COMIGRAR, em S\u00e3o Paulo.<\/p>\n<p>Outras informa\u00e7\u00f5es: <a href=\"http:\/\/sites.uepb.edu.br\/nepda\">http:\/\/sites.uepb.edu.br\/nepda<\/a><\/p>\n","protected":false},"excerpt":{"rendered":"<p>O N\u00facleo de Estudos e Pesquisas sobre Deslocados Ambientais (Nepda), vinculado ao Centro de Ci\u00eancias Biol\u00f3gicas e Sociais Aplicadas da Universidade Estadual da Para\u00edba (UEPB), promove, no dia 19 de mar\u00e7o, das 14 \u00e0s 18h, no audit\u00f3rio do Campus V da UEPB, localizado a rua Hor\u00e1cio Trajano de Oliveira, s\/n, Cristo, Jo\u00e3o Pessoa, a Confer\u00eancia <a class=\"leiamais\" href=\"https:\/\/centros.uepb.edu.br\/ccbsa\/nucleo-de-estudos-sobre-deslocados-ambientais-promove-evento-de-preparacao-para-a-comigrar\/\">Leia Mais&#8230;<\/a><\/p>\n","protected":false},"author":8,"featured_media":1495,"comment_status":"open","ping_status":"open","sticky":false,"template":"","format":"standard","meta":{"footnotes":""},"categories":[6],"tags":[],"class_list":["post-1494","post","type-post","status-publish","format-standard","has-post-thumbnail","hentry","category-slide"],"jetpack_featured_media_url":"https:\/\/centros.uepb.edu.br\/ccbsa\/files\/2014\/02\/NEPDAmod.jpg","_links":{"self":[{"href":"https:\/\/centros.uepb.edu.br\/ccbsa\/wp-json\/wp\/v2\/posts\/1494","targetHints":{"allow":["GET"]}}],"collection":[{"href":"https:\/\/centros.uepb.edu.br\/ccbsa\/wp-json\/wp\/v2\/posts"}],"about":[{"href":"https:\/\/centros.uepb.edu.br\/ccbsa\/wp-json\/wp\/v2\/types\/post"}],"author":[{"embeddable":true,"href":"https:\/\/centros.uepb.edu.br\/ccbsa\/wp-json\/wp\/v2\/users\/8"}],"replies":[{"embeddable":true,"href":"https:\/\/centros.uepb.edu.br\/ccbsa\/wp-json\/wp\/v2\/comments?post=1494"}],"version-history":[{"count":0,"href":"https:\/\/centros.uepb.edu.br\/ccbsa\/wp-json\/wp\/v2\/posts\/1494\/revisions"}],"wp:featuredmedia":[{"embeddable":true,"href":"https:\/\/centros.uepb.edu.br\/ccbsa\/wp-json\/wp\/v2\/media\/1495"}],"wp:attachment":[{"href":"https:\/\/centros.uepb.edu.br\/ccbsa\/wp-json\/wp\/v2\/media?parent=1494"}],"wp:term":[{"taxonomy":"category","embeddable":true,"href":"https:\/\/centros.uepb.edu.br\/ccbsa\/wp-json\/wp\/v2\/categories?post=1494"},{"taxonomy":"post_tag","embeddable":true,"href":"https:\/\/centros.uepb.edu.br\/ccbsa\/wp-json\/wp\/v2\/tags?post=1494"}],"curies":[{"name":"wp","href":"https:\/\/api.w.org\/{rel}","templated":true}]}}