{"id":1457,"date":"2014-02-20T11:48:30","date_gmt":"2014-02-20T11:48:30","guid":{"rendered":"\/ccbsa\/?p=1457"},"modified":"2014-02-20T11:48:30","modified_gmt":"2014-02-20T11:48:30","slug":"palestra-no-ccbsa-discute-a-importancia-das-acoes-educativas-e-difusao-cultural-para-os-arquivos","status":"publish","type":"post","link":"https:\/\/centros.uepb.edu.br\/ccbsa\/palestra-no-ccbsa-discute-a-importancia-das-acoes-educativas-e-difusao-cultural-para-os-arquivos\/","title":{"rendered":"Palestra no CCBSA discute a import\u00e2ncia das a\u00e7\u00f5es educativas e difus\u00e3o cultural para os arquivos"},"content":{"rendered":"<p><a href=\"http:\/\/centros.ascom.uepb.edu.br\/ccbsa\/files\/2014\/02\/SAM_7063.jpg\"><img loading=\"lazy\" decoding=\"async\" class=\"alignleft size-thumbnail wp-image-1459 img-responsive\" alt=\"SAM_7063\" src=\"http:\/\/centros.ascom.uepb.edu.br\/ccbsa\/files\/2014\/02\/SAM_7063-150x150.jpg\" width=\"150\" height=\"150\" \/><\/a>Fomentar a discuss\u00e3o sobre responsabilidade social dos arquivos e propiciar atividades que formem profissionais comprometidos com fatores internos e externos da \u00e1rea de atua\u00e7\u00e3o, s\u00e3o alguns dos objetivos da A\u00e7\u00e3o educativa, evento realizado anualmente no curso de Arquivologia da Universidade Estadual da Para\u00edba, e que foi o tema do evento realizado na manh\u00e3 desta quarta-feira (19) no audit\u00f3rio do Campus V da Universidade Estadual da Para\u00edba.<\/p>\n<p>Na oportunidade foram discutidas as tem\u00e1ticas \u201cA import\u00e2ncia das a\u00e7\u00f5es<a href=\"http:\/\/centros.ascom.uepb.edu.br\/ccbsa\/files\/2014\/02\/SAM_7075.jpg\"><img loading=\"lazy\" decoding=\"async\" class=\"alignright size-thumbnail wp-image-1460 img-responsive\" alt=\"SAM_7075\" src=\"http:\/\/centros.ascom.uepb.edu.br\/ccbsa\/files\/2014\/02\/SAM_7075-150x150.jpg\" width=\"150\" height=\"150\" \/><\/a> educativas e difus\u00e3o cultural para os arquivos\u201d, abordada pelo professor Jos\u00e9 Washington de Morais Medeiros, e \u201cA\u00e7\u00f5es educativas no curso de Arquivologia: conquistas e desafios\u201d, tendo como palestrante a professora Maria Jos\u00e9 Cordeiro.<\/p>\n<p>Al\u00e9m de apresentar os conceitos de difus\u00e3o, a\u00e7\u00e3o educativa e a import\u00e2ncia destes para a forma\u00e7\u00e3o em Arquivologia, os docentes trouxeram um hist\u00f3rico destas atividades, <a href=\"http:\/\/centros.ascom.uepb.edu.br\/ccbsa\/files\/2014\/02\/A\u00e7\u00e3o-Educativa.jpg\"><img loading=\"lazy\" decoding=\"async\" class=\"alignleft size-thumbnail wp-image-1458 img-responsive\" alt=\"A\u00e7\u00e3o Educativa\" src=\"http:\/\/centros.ascom.uepb.edu.br\/ccbsa\/files\/2014\/02\/A\u00e7\u00e3o-Educativa-150x150.jpg\" width=\"150\" height=\"150\" \/><\/a>com os registros da cada edi\u00e7\u00e3o. Ap\u00f3s as apresenta\u00e7\u00f5es foi realizado o lan\u00e7amento de logomarca oficial do evento, criada pelos estudantes Pablo Roberto e Eron Carvalho, o arquivista Rafael Melo e a professora Maria Jos\u00e9 Cordeiro. Tamb\u00e9m foi apresentado o tema da 5\u00aa A\u00e7\u00e3o Educativa que dever\u00e1 ocorrer no 2\u00ba semestre de 2014: \u201cArquivos especializados e seus documentos especiais\u201d.<\/p>\n<p>O evento foi organizado pelos estudantes do 6\u00ba per\u00edodo, como atividade de encerramento do componente curricular \u201cGest\u00e3o de servi\u00e7os arquiv\u00edsticos\u201d, que \u00e9 ministrado pelas professoras Maria Jos\u00e9 Cordeiro Lima e Esmeralda Porf\u00edrio Sales.<\/p>\n<p>A a\u00e7\u00e3o educativa \u00e9 um evento realizado desde 2009 no Bacharelado em Arquivologia da UEPB, trazendo para a institui\u00e7\u00e3o pesquisadores renomados e discuss\u00f5es sobre tem\u00e1ticas diversas na \u00e1rea, tornando-se uma atividade tradicionalmente reconhecida pela comunidade acad\u00eamica.<\/p>\n","protected":false},"excerpt":{"rendered":"<p>Fomentar a discuss\u00e3o sobre responsabilidade social dos arquivos e propiciar atividades que formem profissionais comprometidos com fatores internos e externos da \u00e1rea de atua\u00e7\u00e3o, s\u00e3o alguns dos objetivos da A\u00e7\u00e3o educativa, evento realizado anualmente no curso de Arquivologia da Universidade Estadual da Para\u00edba, e que foi o tema do evento realizado na manh\u00e3 desta quarta-feira <a class=\"leiamais\" href=\"https:\/\/centros.uepb.edu.br\/ccbsa\/palestra-no-ccbsa-discute-a-importancia-das-acoes-educativas-e-difusao-cultural-para-os-arquivos\/\">Leia Mais&#8230;<\/a><\/p>\n","protected":false},"author":8,"featured_media":1458,"comment_status":"open","ping_status":"open","sticky":false,"template":"","format":"standard","meta":{"footnotes":""},"categories":[6],"tags":[],"class_list":["post-1457","post","type-post","status-publish","format-standard","has-post-thumbnail","hentry","category-slide"],"jetpack_featured_media_url":"https:\/\/centros.uepb.edu.br\/ccbsa\/files\/2014\/02\/A\u00e7\u00e3o-Educativa.jpg","_links":{"self":[{"href":"https:\/\/centros.uepb.edu.br\/ccbsa\/wp-json\/wp\/v2\/posts\/1457","targetHints":{"allow":["GET"]}}],"collection":[{"href":"https:\/\/centros.uepb.edu.br\/ccbsa\/wp-json\/wp\/v2\/posts"}],"about":[{"href":"https:\/\/centros.uepb.edu.br\/ccbsa\/wp-json\/wp\/v2\/types\/post"}],"author":[{"embeddable":true,"href":"https:\/\/centros.uepb.edu.br\/ccbsa\/wp-json\/wp\/v2\/users\/8"}],"replies":[{"embeddable":true,"href":"https:\/\/centros.uepb.edu.br\/ccbsa\/wp-json\/wp\/v2\/comments?post=1457"}],"version-history":[{"count":0,"href":"https:\/\/centros.uepb.edu.br\/ccbsa\/wp-json\/wp\/v2\/posts\/1457\/revisions"}],"wp:featuredmedia":[{"embeddable":true,"href":"https:\/\/centros.uepb.edu.br\/ccbsa\/wp-json\/wp\/v2\/media\/1458"}],"wp:attachment":[{"href":"https:\/\/centros.uepb.edu.br\/ccbsa\/wp-json\/wp\/v2\/media?parent=1457"}],"wp:term":[{"taxonomy":"category","embeddable":true,"href":"https:\/\/centros.uepb.edu.br\/ccbsa\/wp-json\/wp\/v2\/categories?post=1457"},{"taxonomy":"post_tag","embeddable":true,"href":"https:\/\/centros.uepb.edu.br\/ccbsa\/wp-json\/wp\/v2\/tags?post=1457"}],"curies":[{"name":"wp","href":"https:\/\/api.w.org\/{rel}","templated":true}]}}