{"id":1413,"date":"2014-02-03T14:48:46","date_gmt":"2014-02-03T14:48:46","guid":{"rendered":"\/ccbsa\/?p=1413"},"modified":"2014-03-26T14:23:36","modified_gmt":"2014-03-26T14:23:36","slug":"nucleo-de-linguas-do-campus-v-divulga-datas-de-matriculas-de-novatos-e-veteranos","status":"publish","type":"post","link":"https:\/\/centros.uepb.edu.br\/ccbsa\/nucleo-de-linguas-do-campus-v-divulga-datas-de-matriculas-de-novatos-e-veteranos\/","title":{"rendered":"N\u00facleo de L\u00ednguas do Campus V est\u00e1 com matr\u00edculas abertas para alunos novatos"},"content":{"rendered":"<p>O N\u00facleo de L\u00ednguas do Campus V da Universidade Estadual da Para\u00edba, em Jo\u00e3o Pessoa realiza at\u00e9 essa quinta-feira, 27 de mar\u00e7o, as matr\u00edculas de estudantes novatos nos cursos de idiomas ofertados pelo setor.<\/p>\n<p>Ap\u00f3s o per\u00edodo de matr\u00edculas, no dia 28 de mar\u00e7o, \u00e0s 8h30, ser\u00e1 realizada uma prova de nivelamento para os estudantes que j\u00e1 tenham algum conhecimento no idioma do curso, para que saibam em que est\u00e1gio da forma\u00e7\u00e3o ir\u00e3o se enquadrar.<\/p>\n<p>O N\u00facleo de L\u00ednguas do Campus V conta com cursos de\u00a0 L\u00edngua Portuguesa, L\u00edngua Inglesa, L\u00edngua Francesa e Espanhola oferecidos nos tr\u00eas turnos, de segunda \u00e0 sexta feira.<\/p>\n<p>As matr\u00edculas s\u00e3o realizadas no hor\u00e1rio das 7 \u00e0s 13h, nas depend\u00eancias do N\u00facleo de L\u00ednguas que funciona \u00e0 Rua Hor\u00e1cio Trajano de Oliveira, s\/n, Cristo, Jo\u00e3o Pessoa. Para efetuar a matr\u00edcula \u00e9 necess\u00e1rio apresentar uma foto 3&#215;4 e comprovante de escolaridade.<\/p>\n<p>Outras informa\u00e7\u00f5es: (83) 3223- 1128 (ramal:214) \/ cl.uepb@gmail.com\/ <a href=\"http:\/\/facebook.com\/nlinguasv\">facebook.com\/nlinguasv<\/a><\/p>\n","protected":false},"excerpt":{"rendered":"<p>O N\u00facleo de L\u00ednguas do Campus V da Universidade Estadual da Para\u00edba, em Jo\u00e3o Pessoa realiza at\u00e9 essa quinta-feira, 27 de mar\u00e7o, as matr\u00edculas de estudantes novatos nos cursos de idiomas ofertados pelo setor. Ap\u00f3s o per\u00edodo de matr\u00edculas, no dia 28 de mar\u00e7o, \u00e0s 8h30, ser\u00e1 realizada uma prova de nivelamento para os estudantes <a class=\"leiamais\" href=\"https:\/\/centros.uepb.edu.br\/ccbsa\/nucleo-de-linguas-do-campus-v-divulga-datas-de-matriculas-de-novatos-e-veteranos\/\">Leia Mais&#8230;<\/a><\/p>\n","protected":false},"author":8,"featured_media":791,"comment_status":"open","ping_status":"open","sticky":false,"template":"","format":"standard","meta":{"footnotes":""},"categories":[6],"tags":[],"class_list":["post-1413","post","type-post","status-publish","format-standard","has-post-thumbnail","hentry","category-slide"],"jetpack_featured_media_url":"https:\/\/centros.uepb.edu.br\/ccbsa\/files\/2013\/08\/945423_133332960192680_698538821_n.jpg","_links":{"self":[{"href":"https:\/\/centros.uepb.edu.br\/ccbsa\/wp-json\/wp\/v2\/posts\/1413","targetHints":{"allow":["GET"]}}],"collection":[{"href":"https:\/\/centros.uepb.edu.br\/ccbsa\/wp-json\/wp\/v2\/posts"}],"about":[{"href":"https:\/\/centros.uepb.edu.br\/ccbsa\/wp-json\/wp\/v2\/types\/post"}],"author":[{"embeddable":true,"href":"https:\/\/centros.uepb.edu.br\/ccbsa\/wp-json\/wp\/v2\/users\/8"}],"replies":[{"embeddable":true,"href":"https:\/\/centros.uepb.edu.br\/ccbsa\/wp-json\/wp\/v2\/comments?post=1413"}],"version-history":[{"count":0,"href":"https:\/\/centros.uepb.edu.br\/ccbsa\/wp-json\/wp\/v2\/posts\/1413\/revisions"}],"wp:featuredmedia":[{"embeddable":true,"href":"https:\/\/centros.uepb.edu.br\/ccbsa\/wp-json\/wp\/v2\/media\/791"}],"wp:attachment":[{"href":"https:\/\/centros.uepb.edu.br\/ccbsa\/wp-json\/wp\/v2\/media?parent=1413"}],"wp:term":[{"taxonomy":"category","embeddable":true,"href":"https:\/\/centros.uepb.edu.br\/ccbsa\/wp-json\/wp\/v2\/categories?post=1413"},{"taxonomy":"post_tag","embeddable":true,"href":"https:\/\/centros.uepb.edu.br\/ccbsa\/wp-json\/wp\/v2\/tags?post=1413"}],"curies":[{"name":"wp","href":"https:\/\/api.w.org\/{rel}","templated":true}]}}