{"id":141,"date":"2013-06-10T16:52:07","date_gmt":"2013-06-10T16:52:07","guid":{"rendered":"\/ccbsa\/?p=141"},"modified":"2013-08-27T19:14:33","modified_gmt":"2013-08-27T19:14:33","slug":"graduandos-do-campus-v-da-uepb-podem-se-candidatar-ao-programa-de-bolsas-ibero-americanas","status":"publish","type":"post","link":"https:\/\/centros.uepb.edu.br\/ccbsa\/graduandos-do-campus-v-da-uepb-podem-se-candidatar-ao-programa-de-bolsas-ibero-americanas\/","title":{"rendered":"Graduandos do Campus V da UEPB podem se candidatar ao Programa de Bolsas Ibero-Americanas"},"content":{"rendered":"<p>A Universidade Estadual da Para\u00edba (UEPB), atrav\u00e9s da Coordenadoria de Assuntos Institucionais e Internacionais (CAII), torna p\u00fablica a Chamada para Sele\u00e7\u00e3o Interna de alunos de gradua\u00e7\u00e3o da UEPB candidatos ao Programa de Bolsas Ibero-Americanas para Estudantes de Gradua\u00e7\u00e3o, celebrado entre a Universidade Estadual e o Banco Santander S\/A para interc\u00e2mbio internacional na Pontif\u00edcia Universidad Cat\u00f3lica del Per\u00fa (PUC-Per\u00fa). Cinco alunos de gradua\u00e7\u00e3o da UEPB ser\u00e3o selecionados para realizar interc\u00e2mbio semestral na Pontif\u00edcia Universidad Cat\u00f3lica del Per\u00fa (PUC-Per\u00fa) no pr\u00f3ximo ano, com bolsa de estudos oferecida pelo Santander Universidades para mobilidade ibero-americana de estudantes de gradua\u00e7\u00e3o.<\/p>\n<p>Ser\u00e3o oferecidas cinco bolsas para os estudantes selecionados no valor correspondente a 3 mil euros. Podem se candidatar \u00e0 sele\u00e7\u00e3o o discente de cursos de gradua\u00e7\u00e3o da UEPB, que seja pessoa f\u00edsica habilitada \u00e0 pr\u00e1tica de todos os atos da vida civil; brasileiro nato ou naturalizado, maior de 18 anos, residente e domiciliado em territ\u00f3rio nacional e que n\u00e3o tenha participado de nenhum outro Programa de Mobilidade Internacional promovido pelo Grupo Santander; possua Conta Corrente aberta, preferencialmente junto ao Santander na modalidade \u201cuniversit\u00e1ria\u201d; esteja regularmente matriculado em curso de gradua\u00e7\u00e3o da Universidade Estadual da Para\u00edba durante todo o processo de sele\u00e7\u00e3o e, obrigatoriamente, tamb\u00e9m durante todo o per\u00edodo de realiza\u00e7\u00e3o do Programa, havendo conclu\u00eddo, pelo menos, o 4\u00ba per\u00edodo ou o segundo ano do curso; possua Coeficiente de Rendimento Escolar (CRE) igual ou superior a 7,0 (sete).<\/p>\n<p>Os estudantes eleg\u00edveis nas condi\u00e7\u00f5es e requisitos expressos dever\u00e3o submeter suas candidaturas no portal do Programa de Bolsas Ibero-Americanas do Santander Universidades at\u00e9 o dia 18 de agosto de 2013. Ser\u00e3o classificados 10 estudantes que possuam os requisitos expostos. Dever\u00e3o comparecer \u00e0 sede da CAII, em Campina Grande, nos dias 27 ou 28, das 14 \u00e0s 17h, os cinco primeiros candidatos classificados com a posse dos seguintes documentos originais ou autenticados: RG, CPF, Comprovante de Conta Corrente aberta, preferencialmente no Santander na modalidade \u201cuniversit\u00e1ria\u201d, Comprovante de Matr\u00edcula e Hist\u00f3rico Escolar. Na avalia\u00e7\u00e3o do professor Carlos Enrique Ruiz Ferreira, coordenador de Assuntos Institucionais e Internacionais da UEPB, \u201cpara a Universidade, a parceria com o Programa Santander Universidades \u00e9 de enorme valia. Esta ser\u00e1 a quarta ocasi\u00e3o em que trabalhamos juntos em prol da internacionaliza\u00e7\u00e3o da UEPB\u201d. Ele frisou, ainda, que \u201cnossas bolsas s\u00e3o destinadas \u00e0 PUC-Per\u00fa, uma universidade bastante reconhecida no cen\u00e1rio latino-americano. Todos nossos alunos que foram contemplados com bolsas para essa Universidades nos trouxeram \u00f3timas refer\u00eancias\u201d.<\/p>\n<p>Confira: Chamada P\u00fablica do Santander Universidades<\/p>\n","protected":false},"excerpt":{"rendered":"<p>A Universidade Estadual da Para\u00edba (UEPB), atrav\u00e9s da Coordenadoria de Assuntos Institucionais e Internacionais (CAII), torna p\u00fablica a Chamada para Sele\u00e7\u00e3o Interna de alunos de gradua\u00e7\u00e3o da UEPB candidatos ao Programa de Bolsas Ibero-Americanas para Estudantes de Gradua\u00e7\u00e3o, celebrado entre a Universidade Estadual e o Banco Santander S\/A para interc\u00e2mbio internacional na Pontif\u00edcia Universidad Cat\u00f3lica <a class=\"leiamais\" href=\"https:\/\/centros.uepb.edu.br\/ccbsa\/graduandos-do-campus-v-da-uepb-podem-se-candidatar-ao-programa-de-bolsas-ibero-americanas\/\">Leia Mais&#8230;<\/a><\/p>\n","protected":false},"author":8,"featured_media":313,"comment_status":"open","ping_status":"open","sticky":false,"template":"","format":"standard","meta":{"footnotes":""},"categories":[1],"tags":[],"class_list":["post-141","post","type-post","status-publish","format-standard","has-post-thumbnail","hentry","category-sem-categoria"],"jetpack_featured_media_url":"https:\/\/centros.uepb.edu.br\/ccbsa\/files\/2013\/06\/ibero2013.jpg","_links":{"self":[{"href":"https:\/\/centros.uepb.edu.br\/ccbsa\/wp-json\/wp\/v2\/posts\/141","targetHints":{"allow":["GET"]}}],"collection":[{"href":"https:\/\/centros.uepb.edu.br\/ccbsa\/wp-json\/wp\/v2\/posts"}],"about":[{"href":"https:\/\/centros.uepb.edu.br\/ccbsa\/wp-json\/wp\/v2\/types\/post"}],"author":[{"embeddable":true,"href":"https:\/\/centros.uepb.edu.br\/ccbsa\/wp-json\/wp\/v2\/users\/8"}],"replies":[{"embeddable":true,"href":"https:\/\/centros.uepb.edu.br\/ccbsa\/wp-json\/wp\/v2\/comments?post=141"}],"version-history":[{"count":0,"href":"https:\/\/centros.uepb.edu.br\/ccbsa\/wp-json\/wp\/v2\/posts\/141\/revisions"}],"wp:featuredmedia":[{"embeddable":true,"href":"https:\/\/centros.uepb.edu.br\/ccbsa\/wp-json\/wp\/v2\/media\/313"}],"wp:attachment":[{"href":"https:\/\/centros.uepb.edu.br\/ccbsa\/wp-json\/wp\/v2\/media?parent=141"}],"wp:term":[{"taxonomy":"category","embeddable":true,"href":"https:\/\/centros.uepb.edu.br\/ccbsa\/wp-json\/wp\/v2\/categories?post=141"},{"taxonomy":"post_tag","embeddable":true,"href":"https:\/\/centros.uepb.edu.br\/ccbsa\/wp-json\/wp\/v2\/tags?post=141"}],"curies":[{"name":"wp","href":"https:\/\/api.w.org\/{rel}","templated":true}]}}