{"id":1381,"date":"2013-12-17T21:10:04","date_gmt":"2013-12-17T21:10:04","guid":{"rendered":"\/ccbsa\/?p=1381"},"modified":"2014-02-13T14:38:07","modified_gmt":"2014-02-13T14:38:07","slug":"mestrado-em-relacoes-internacionais-lanca-edital-de-processo-seletivo-para-formacao-da-turma-2014","status":"publish","type":"post","link":"https:\/\/centros.uepb.edu.br\/ccbsa\/mestrado-em-relacoes-internacionais-lanca-edital-de-processo-seletivo-para-formacao-da-turma-2014\/","title":{"rendered":"Mestrado em Rela\u00e7\u00f5es Internacionais realiza processo seletivo para forma\u00e7\u00e3o da turma 2014"},"content":{"rendered":"<p>O Programa de P\u00f3s-Gradua\u00e7\u00e3o em Rela\u00e7\u00f5es Internacionais do Campus V da Universidade Estadual da Para\u00edba est\u00e1 com o processo de sele\u00e7\u00e3o em andamento para forma\u00e7\u00e3o da Turma 2014. Na \u00faltima segunda-feira (10) a comiss\u00e3o organizadora da sele\u00e7\u00e3o divulgou a\u00a0[wpfilebase tag=fileurl id=70 linktext=lista \/] de inscri\u00e7\u00f5es homologadas.<\/p>\n<p>Ao todo, est\u00e3o sendo ofertadas 20 vagas, com \u00e1rea de concentra\u00e7\u00e3o em Pol\u00edtica Internacional, subdividida entre duas linhas de pesquisa: \u201cCoopera\u00e7\u00e3o, Integra\u00e7\u00e3o e Institui\u00e7\u00f5es Internacionais\u201d e \u201cPol\u00edtica Externa e Seguran\u00e7a\u201d.<\/p>\n<p>O processo de sele\u00e7\u00e3o compreende tr\u00eas etapas: Prova Escrita sobre Teoria das Rela\u00e7\u00f5es Internacionais; Entrevista e An\u00e1lise do Projeto de Pesquisa; e Prova de Tradu\u00e7\u00e3o de Texto.<\/p>\n<p>Outras informa\u00e7\u00f5es podem ser adquiridas atrav\u00e9s do telefone (83) 3244-2555 ou do e-mail: secmestradori@uepb.edu.br.<\/p>\n<p>Confira\u00a0[wpfilebase tag=fileurl id=68 linktext=aqui \/] o edital da sele\u00e7\u00e3o.<\/p>\n","protected":false},"excerpt":{"rendered":"<p>O Programa de P\u00f3s-Gradua\u00e7\u00e3o em Rela\u00e7\u00f5es Internacionais do Campus V da Universidade Estadual da Para\u00edba est\u00e1 com o processo de sele\u00e7\u00e3o em andamento para forma\u00e7\u00e3o da Turma 2014. Na \u00faltima segunda-feira (10) a comiss\u00e3o organizadora da sele\u00e7\u00e3o divulgou a\u00a0[wpfilebase tag=fileurl id=70 linktext=lista \/] de inscri\u00e7\u00f5es homologadas. Ao todo, est\u00e3o sendo ofertadas 20 vagas, com \u00e1rea <a class=\"leiamais\" href=\"https:\/\/centros.uepb.edu.br\/ccbsa\/mestrado-em-relacoes-internacionais-lanca-edital-de-processo-seletivo-para-formacao-da-turma-2014\/\">Leia Mais&#8230;<\/a><\/p>\n","protected":false},"author":8,"featured_media":1382,"comment_status":"open","ping_status":"open","sticky":false,"template":"","format":"standard","meta":{"footnotes":""},"categories":[6],"tags":[],"class_list":["post-1381","post","type-post","status-publish","format-standard","has-post-thumbnail","hentry","category-slide"],"jetpack_featured_media_url":"https:\/\/centros.uepb.edu.br\/ccbsa\/files\/2013\/12\/cats.jpg","_links":{"self":[{"href":"https:\/\/centros.uepb.edu.br\/ccbsa\/wp-json\/wp\/v2\/posts\/1381","targetHints":{"allow":["GET"]}}],"collection":[{"href":"https:\/\/centros.uepb.edu.br\/ccbsa\/wp-json\/wp\/v2\/posts"}],"about":[{"href":"https:\/\/centros.uepb.edu.br\/ccbsa\/wp-json\/wp\/v2\/types\/post"}],"author":[{"embeddable":true,"href":"https:\/\/centros.uepb.edu.br\/ccbsa\/wp-json\/wp\/v2\/users\/8"}],"replies":[{"embeddable":true,"href":"https:\/\/centros.uepb.edu.br\/ccbsa\/wp-json\/wp\/v2\/comments?post=1381"}],"version-history":[{"count":0,"href":"https:\/\/centros.uepb.edu.br\/ccbsa\/wp-json\/wp\/v2\/posts\/1381\/revisions"}],"wp:featuredmedia":[{"embeddable":true,"href":"https:\/\/centros.uepb.edu.br\/ccbsa\/wp-json\/wp\/v2\/media\/1382"}],"wp:attachment":[{"href":"https:\/\/centros.uepb.edu.br\/ccbsa\/wp-json\/wp\/v2\/media?parent=1381"}],"wp:term":[{"taxonomy":"category","embeddable":true,"href":"https:\/\/centros.uepb.edu.br\/ccbsa\/wp-json\/wp\/v2\/categories?post=1381"},{"taxonomy":"post_tag","embeddable":true,"href":"https:\/\/centros.uepb.edu.br\/ccbsa\/wp-json\/wp\/v2\/tags?post=1381"}],"curies":[{"name":"wp","href":"https:\/\/api.w.org\/{rel}","templated":true}]}}