{"id":1369,"date":"2013-12-16T15:43:23","date_gmt":"2013-12-16T15:43:23","guid":{"rendered":"\/ccbsa\/?p=1369"},"modified":"2013-12-16T15:43:23","modified_gmt":"2013-12-16T15:43:23","slug":"clima-de-confraternizacao-marca-a-i-copa-solidaria-de-futsal-do-campus-v-realizada-no-ultimo-sabado","status":"publish","type":"post","link":"https:\/\/centros.uepb.edu.br\/ccbsa\/clima-de-confraternizacao-marca-a-i-copa-solidaria-de-futsal-do-campus-v-realizada-no-ultimo-sabado\/","title":{"rendered":"Clima de confraterniza\u00e7\u00e3o marca a I Copa Solid\u00e1ria de Futsal do Campus V realizada no \u00faltimo s\u00e1bado"},"content":{"rendered":"<p><a href=\"http:\/\/centros.ascom.uepb.edu.br\/ccbsa\/files\/2013\/12\/SAM_7020.jpg\"><img loading=\"lazy\" decoding=\"async\" class=\"alignleft size-thumbnail wp-image-1372 img-responsive\" alt=\"SAM_7020\" src=\"http:\/\/centros.ascom.uepb.edu.br\/ccbsa\/files\/2013\/12\/SAM_7020-150x150.jpg\" width=\"150\" height=\"150\" \/><\/a>Com a participa\u00e7\u00e3o de estudantes, docentes e t\u00e9cnicos administrativos do Centro de Ci\u00eancias Biol\u00f3gicas e Sociais Aplicadas da Universidade Estadual da Para\u00edba, foi realizada na tarde do \u00faltimo s\u00e1bado (14), no gin\u00e1sio do Campus V, a I Copa solid\u00e1ria de Futsal.<\/p>\n<p>A equipe vencedora do torneio foi a \u201cAsfig\u201d, formada por funcion\u00e1rios da x\u00e9rox do Campus V e atletas convidados. Em segundo lugar ficou o grupo \u201cUEPB-RI\u201d de <a href=\"http:\/\/centros.ascom.uepb.edu.br\/ccbsa\/files\/2013\/12\/SAM_7012.jpg\"><img loading=\"lazy\" decoding=\"async\" class=\"alignright size-thumbnail wp-image-1370 img-responsive\" alt=\"SAM_7012\" src=\"http:\/\/centros.ascom.uepb.edu.br\/ccbsa\/files\/2013\/12\/SAM_7012-150x150.jpg\" width=\"150\" height=\"150\" \/><\/a>servidores do Campus V e estudantes do curso de Rela\u00e7\u00f5es Internacionais. Participaram da competi\u00e7\u00e3o ainda os times \u201cBio-madrid\u201d, com estudantes e egressos de Ci\u00eancias Biol\u00f3gicas e \u201cArqnight\u201d, com discentes do curso de Arquivologia.<\/p>\n<p>O evento conseguiu reunir representantes de todos os cursos e setores que comp\u00f5em o campus V para uma atividade que foi al\u00e9m da competi\u00e7\u00e3o, buscava a <a href=\"http:\/\/centros.ascom.uepb.edu.br\/ccbsa\/files\/2013\/12\/SAM_7008.jpg\"><img loading=\"lazy\" decoding=\"async\" class=\"alignleft size-thumbnail wp-image-1373 img-responsive\" alt=\"SAM_7008\" src=\"http:\/\/centros.ascom.uepb.edu.br\/ccbsa\/files\/2013\/12\/SAM_7008-150x150.jpg\" width=\"150\" height=\"150\" \/><\/a>confraterniza\u00e7\u00e3o e o lazer\u00a0 dos presentes. De acordo com o estudante Bruno Pereira, que integra a comiss\u00e3o organizadora do evento, a perspectiva \u00e9 que seja criado um calend\u00e1rio de atividades esportivas no CCBSA, para que perdure o clima de paz e integra\u00e7\u00e3o. A equipes vencedora, melhor artilheiro e melhor goleiro, foram premiados com trof\u00e9us, al\u00e9m de medalhas para os primeiros, segundos e terceiros colocados<\/p>\n<p>A Copa de Futsal do Campus V foi promovida por discentes do curso de Arquivologia vinculados \u00e0 Executiva Nacional dos Estudantes de Arquivologia (ENEA) com apoio do projeto \u201cEduca\u00e7\u00e3o para a \u00e9tica e a cultura da paz inter-humana e ambiental na comunidade do Cristo Redentor e do Rangel\u201d, coordenado pelo docente do Centro de Ci\u00eancias Biol\u00f3gicas e Sociais Aplicadas, M\u00e1rcio Adriano e dire\u00e7\u00e3o de Centro.<\/p>\n","protected":false},"excerpt":{"rendered":"<p>Com a participa\u00e7\u00e3o de estudantes, docentes e t\u00e9cnicos administrativos do Centro de Ci\u00eancias Biol\u00f3gicas e Sociais Aplicadas da Universidade Estadual da Para\u00edba, foi realizada na tarde do \u00faltimo s\u00e1bado (14), no gin\u00e1sio do Campus V, a I Copa solid\u00e1ria de Futsal. A equipe vencedora do torneio foi a \u201cAsfig\u201d, formada por funcion\u00e1rios da x\u00e9rox do <a class=\"leiamais\" href=\"https:\/\/centros.uepb.edu.br\/ccbsa\/clima-de-confraternizacao-marca-a-i-copa-solidaria-de-futsal-do-campus-v-realizada-no-ultimo-sabado\/\">Leia Mais&#8230;<\/a><\/p>\n","protected":false},"author":8,"featured_media":1370,"comment_status":"open","ping_status":"open","sticky":false,"template":"","format":"standard","meta":{"footnotes":""},"categories":[6],"tags":[],"class_list":["post-1369","post","type-post","status-publish","format-standard","has-post-thumbnail","hentry","category-slide"],"jetpack_featured_media_url":"https:\/\/centros.uepb.edu.br\/ccbsa\/files\/2013\/12\/SAM_7012.jpg","_links":{"self":[{"href":"https:\/\/centros.uepb.edu.br\/ccbsa\/wp-json\/wp\/v2\/posts\/1369","targetHints":{"allow":["GET"]}}],"collection":[{"href":"https:\/\/centros.uepb.edu.br\/ccbsa\/wp-json\/wp\/v2\/posts"}],"about":[{"href":"https:\/\/centros.uepb.edu.br\/ccbsa\/wp-json\/wp\/v2\/types\/post"}],"author":[{"embeddable":true,"href":"https:\/\/centros.uepb.edu.br\/ccbsa\/wp-json\/wp\/v2\/users\/8"}],"replies":[{"embeddable":true,"href":"https:\/\/centros.uepb.edu.br\/ccbsa\/wp-json\/wp\/v2\/comments?post=1369"}],"version-history":[{"count":0,"href":"https:\/\/centros.uepb.edu.br\/ccbsa\/wp-json\/wp\/v2\/posts\/1369\/revisions"}],"wp:featuredmedia":[{"embeddable":true,"href":"https:\/\/centros.uepb.edu.br\/ccbsa\/wp-json\/wp\/v2\/media\/1370"}],"wp:attachment":[{"href":"https:\/\/centros.uepb.edu.br\/ccbsa\/wp-json\/wp\/v2\/media?parent=1369"}],"wp:term":[{"taxonomy":"category","embeddable":true,"href":"https:\/\/centros.uepb.edu.br\/ccbsa\/wp-json\/wp\/v2\/categories?post=1369"},{"taxonomy":"post_tag","embeddable":true,"href":"https:\/\/centros.uepb.edu.br\/ccbsa\/wp-json\/wp\/v2\/tags?post=1369"}],"curies":[{"name":"wp","href":"https:\/\/api.w.org\/{rel}","templated":true}]}}