{"id":134,"date":"2013-06-10T12:16:54","date_gmt":"2013-06-10T12:16:54","guid":{"rendered":"\/ccbsa\/?p=134"},"modified":"2013-06-10T22:52:00","modified_gmt":"2013-06-10T22:52:00","slug":"campus-v-realiza-aula-inaugural-e-inscreve-participantes-para-projeto-de-arborizacao-adote-sua-arvore","status":"publish","type":"post","link":"https:\/\/centros.uepb.edu.br\/ccbsa\/campus-v-realiza-aula-inaugural-e-inscreve-participantes-para-projeto-de-arborizacao-adote-sua-arvore\/","title":{"rendered":"Campus V realiza aula inaugural e inscreve participantes para projeto de arboriza\u00e7\u00e3o \u201cAdote sua \u00e1rvore\u201d"},"content":{"rendered":"<p>O Centro de Ci\u00eancias Biol\u00f3gicas e Sociais Aplicadas da Universidade Estadual da Para\u00edba, em Jo\u00e3o Pessoa, inscreve participantes para o projeto de Arboriza\u00e7\u00e3o do Campus V \u201cAdote sua \u00e1rvore\u201d, que prev\u00ea, no dia aula inaugural do campus, que ser\u00e1 realizada na pr\u00f3xima quinta-feira, 13 de junho, o plantio de mudas de diversas esp\u00e9cies frut\u00edferas e ornamentais em toda a \u00e1rea interna do CCBSA. O projeto, que \u00e9 coordenado pelo professor \u00canio Wocyli Dantas, requer que cada grupo de alunos, professores ou setor do Campus V adote uma das plantas, e fique respons\u00e1vel pelos cuidados e manuten\u00e7\u00e3o desta esp\u00e9cie durante o per\u00edodo em que estiver na institui\u00e7\u00e3o. Ao sair da UEPB, o participante do projeto deve comunicar a coordena\u00e7\u00e3o para que sejam selecionados novos cuidadores para aquela planta. Est\u00e3o dispon\u00edveis para a ado\u00e7\u00e3o mudas de pau-brasil, ip\u00ea-amarelo, ip\u00ea-roxo, c\u00e1ssia-rosa, jasmim-manga, pata de vaca, saboneteiras, sibipirunas, romanzeiras, oitizeiros, pitangueiras, graviolas, neem, jambeiros, mangueiras, cajueiros e azeitonas pretas. As plantas s\u00e3o provenientes de viveiros dos c\u00e2mpus da UEPB em Campina Grande e Lagoa Seca, mantidos pelo Programa \u201cAdote uma \u00e1rvore\u201d, que \u00e9 coordenado pelo professor Ivan Coelho; do Horto Zoobot\u00e2nico de Jo\u00e3o Pessoa, da SEMAM e Parque de Exposi\u00e7\u00f5es Agropecu\u00e1rias de Jo\u00e3o Pessoa. Para adotar uma das plantas \u00e9 necess\u00e1rio se dirigir \u00e0 coordena\u00e7\u00e3o do curso de Ci\u00eancias Biol\u00f3gicas, com algum comprovante de per\u00edodo de curso, no caso dos estudantes, e escolher a muda que ser\u00e1 adotada e ganhar\u00e1 uma plaquinha com o nome do cuidador respons\u00e1vel. Al\u00e9m da quest\u00e3o ambiental e paisag\u00edstica, esta atitude segue um simbolismo referente ao Campus V, que, dentre as a\u00e7\u00f5es de sua inaugura\u00e7\u00e3o, em agosto de 2006, contou com uma atividade de plantio de \u00e1rvores no pr\u00e9dio da ESPEP, onde funcionava o Campus naquela \u00e9poca.<\/p>\n<p>Aula Inaugural<\/p>\n<p>A a\u00e7\u00e3o de paisagismo ser\u00e1 realizada no dia 13 de junho, pela manh\u00e3, dia em que tamb\u00e9m ser\u00e1 realizada a aula inaugural do Campus V, que abordar\u00e1 \u201c\u00c9tica e responsabilidade socio-ambiental no s\u00e9culo XXI\u201d, tema que ser\u00e1 discutido \u00e0s 10h e 18h, atendendo aos p\u00fablicos dos per\u00edodos matutino e noturno. A atividade da manh\u00e3 contar\u00e1 com a presen\u00e7a do palestrante Marcelo Pelizzoli, que possui\u00a0 doutorado em Filosofia, p\u00f3s-doutorado em Bio\u00e9tica (PUCRS) e \u00e9 professor da Universidade Federal de Pernambuco, atuando nas \u00e1reas de \u00c9tica, Sa\u00fade e Bio\u00e9tica, Gest\u00e3o e Pol\u00edtica Ambiental. Na ocasi\u00e3o ser\u00e1 realizado o lan\u00e7amento de alguns livros de autoria do pesquisador, tais como \u201cSa\u00fade Integral\u201d e \u201cNovas vis\u00f5es em sa\u00fade\u201d, da EDUFPE, e alguns outros t\u00edtulos estar\u00e3o a disposi\u00e7\u00e3o do p\u00fablico para venda, como \u201cHomo Ecologicus\u201d, da EDUCS, 2011, e \u201cDi\u00e1logo, media\u00e7\u00e3o e pr\u00e1ticas restaurativas\u201d, da EDUFPE, 2012. No per\u00edodo noturno, a palestra ser\u00e1 ministrada pelo professor Bartolomeu Leite da Silva, que possui Doutorado em Filosofia pela PUCRS e \u00e9 professor da gradua\u00e7\u00e3o e da p\u00f3s-gradua\u00e7\u00e3o em Filosofia da UFPB. O docente tem experi\u00eancia na \u00e1rea de Filosofia moderna e contemporanea, com \u00eanfase em Teoria do conhecimento, Metaf\u00edsicia, Teoria Critica e \u00c9tica.<\/p>\n<p>&nbsp;<\/p>\n","protected":false},"excerpt":{"rendered":"<p>O Centro de Ci\u00eancias Biol\u00f3gicas e Sociais Aplicadas da Universidade Estadual da Para\u00edba, em Jo\u00e3o Pessoa, inscreve participantes para o projeto de Arboriza\u00e7\u00e3o do Campus V \u201cAdote sua \u00e1rvore\u201d, que prev\u00ea, no dia aula inaugural do campus, que ser\u00e1 realizada na pr\u00f3xima quinta-feira, 13 de junho, o plantio de mudas de diversas esp\u00e9cies frut\u00edferas e <a class=\"leiamais\" href=\"https:\/\/centros.uepb.edu.br\/ccbsa\/campus-v-realiza-aula-inaugural-e-inscreve-participantes-para-projeto-de-arborizacao-adote-sua-arvore\/\">Leia Mais&#8230;<\/a><\/p>\n","protected":false},"author":8,"featured_media":0,"comment_status":"open","ping_status":"open","sticky":false,"template":"","format":"standard","meta":{"footnotes":""},"categories":[3,5],"tags":[],"class_list":["post-134","post","type-post","status-publish","format-standard","hentry","category-noticias","category-visiveis"],"jetpack_featured_media_url":"","_links":{"self":[{"href":"https:\/\/centros.uepb.edu.br\/ccbsa\/wp-json\/wp\/v2\/posts\/134","targetHints":{"allow":["GET"]}}],"collection":[{"href":"https:\/\/centros.uepb.edu.br\/ccbsa\/wp-json\/wp\/v2\/posts"}],"about":[{"href":"https:\/\/centros.uepb.edu.br\/ccbsa\/wp-json\/wp\/v2\/types\/post"}],"author":[{"embeddable":true,"href":"https:\/\/centros.uepb.edu.br\/ccbsa\/wp-json\/wp\/v2\/users\/8"}],"replies":[{"embeddable":true,"href":"https:\/\/centros.uepb.edu.br\/ccbsa\/wp-json\/wp\/v2\/comments?post=134"}],"version-history":[{"count":0,"href":"https:\/\/centros.uepb.edu.br\/ccbsa\/wp-json\/wp\/v2\/posts\/134\/revisions"}],"wp:attachment":[{"href":"https:\/\/centros.uepb.edu.br\/ccbsa\/wp-json\/wp\/v2\/media?parent=134"}],"wp:term":[{"taxonomy":"category","embeddable":true,"href":"https:\/\/centros.uepb.edu.br\/ccbsa\/wp-json\/wp\/v2\/categories?post=134"},{"taxonomy":"post_tag","embeddable":true,"href":"https:\/\/centros.uepb.edu.br\/ccbsa\/wp-json\/wp\/v2\/tags?post=134"}],"curies":[{"name":"wp","href":"https:\/\/api.w.org\/{rel}","templated":true}]}}