{"id":1333,"date":"2013-12-10T15:11:34","date_gmt":"2013-12-10T15:11:34","guid":{"rendered":"\/ccbsa\/?p=1333"},"modified":"2013-12-10T15:11:34","modified_gmt":"2013-12-10T15:11:34","slug":"global-village-e-realizada-no-campus-v-com-exposicao-de-elementos-da-cultura-de-varios-paises","status":"publish","type":"post","link":"https:\/\/centros.uepb.edu.br\/ccbsa\/global-village-e-realizada-no-campus-v-com-exposicao-de-elementos-da-cultura-de-varios-paises\/","title":{"rendered":"Global Village \u00e9 realizada no Campus V com exposi\u00e7\u00e3o de elementos da cultura de v\u00e1rios pa\u00edses"},"content":{"rendered":"<p><a href=\"http:\/\/centros.ascom.uepb.edu.br\/ccbsa\/files\/2013\/12\/SAM_6963.jpg\"><img loading=\"lazy\" decoding=\"async\" class=\"alignleft size-thumbnail wp-image-1334 img-responsive\" alt=\"SAM_6963\" src=\"http:\/\/centros.ascom.uepb.edu.br\/ccbsa\/files\/2013\/12\/SAM_6963-150x150.jpg\" width=\"150\" height=\"150\" \/><\/a>Estudantes, professores e t\u00e9cnicos-administrativos do Centro de Ci\u00eancias Biol\u00f3gicas e Sociais Aplicadas da Universidade Estadual da Para\u00edba, puderam ter contato com a cultura de diversos pa\u00edses, por meio de m\u00fasica, fotografias, culin\u00e1ria, dentre outros elementos tradicionais, e obter informa\u00e7\u00f5es sobre atividades de interc\u00e2mbio, durante a feira de exposi\u00e7\u00e3o internacional Global Village, realizada na manh\u00e3 desta ter\u00e7a-feira (10), no p\u00e1tio interno do Campus V.\u00a0 <a href=\"http:\/\/centros.ascom.uepb.edu.br\/ccbsa\/files\/2013\/12\/SAM_6973.jpg\"><img loading=\"lazy\" decoding=\"async\" class=\"alignright size-thumbnail wp-image-1335 img-responsive\" alt=\"SAM_6973\" src=\"http:\/\/centros.ascom.uepb.edu.br\/ccbsa\/files\/2013\/12\/SAM_6973-150x150.jpg\" width=\"150\" height=\"150\" \/><\/a><\/p>\n<p>Durante o evento, promovido pela AIESEC, reconhecida pela UNESCO como a maior organiza\u00e7\u00e3o de jovens universit\u00e1rios do mundo, os visitantes puderam visitar os stands do M\u00e9xico, Col\u00f4mbia, Argentina, Peru, It\u00e1lia e Chile, nos quais estudantes intercambistas e volunt\u00e1rios da AIESEC apresentavam a realidade cultural de cada pa\u00eds por meio de fotos, v\u00eddeos, comidas e relatos.<\/p>\n<p>Al\u00e9m disso, empresas que atuam na \u00e1rea de interc\u00e2mbio expuseram as oportunidades de pacotes de estudo no exterior voltados ao p\u00fablico universit\u00e1rio. E havia ainda um stand da AISEC, no qual os presentes podiam obter informa\u00e7\u00f5es sobre os tr\u00e2mites necess\u00e1rios para atuar como volunt\u00e1rios na organiza\u00e7\u00e3o, como receber em casa estudantes intercambistas ou ser enviado para outros pa\u00edses por meio da AIESEC.<\/p>\n<p>O estudante do 3\u00ba per\u00edodo de Arquivologia, Jefferson Higino, aproveitou a oportunidade para esclarecer algumas d\u00favidas e idealizar a participa\u00e7\u00e3o numa atividade de interc\u00e2mbio em algum pa\u00eds da Am\u00e9rica Latina. \u201cEu gosto da l\u00edngua espanhola e achei interessante essa possibilidade de ter contato com outra cultura e aprimorar nossa flu\u00eancia em outro idioma\u201d, destacou.<\/p>\n","protected":false},"excerpt":{"rendered":"<p>Estudantes, professores e t\u00e9cnicos-administrativos do Centro de Ci\u00eancias Biol\u00f3gicas e Sociais Aplicadas da Universidade Estadual da Para\u00edba, puderam ter contato com a cultura de diversos pa\u00edses, por meio de m\u00fasica, fotografias, culin\u00e1ria, dentre outros elementos tradicionais, e obter informa\u00e7\u00f5es sobre atividades de interc\u00e2mbio, durante a feira de exposi\u00e7\u00e3o internacional Global Village, realizada na manh\u00e3 desta <a class=\"leiamais\" href=\"https:\/\/centros.uepb.edu.br\/ccbsa\/global-village-e-realizada-no-campus-v-com-exposicao-de-elementos-da-cultura-de-varios-paises\/\">Leia Mais&#8230;<\/a><\/p>\n","protected":false},"author":8,"featured_media":0,"comment_status":"open","ping_status":"open","sticky":false,"template":"","format":"standard","meta":{"footnotes":""},"categories":[3,5],"tags":[],"class_list":["post-1333","post","type-post","status-publish","format-standard","hentry","category-noticias","category-visiveis"],"jetpack_featured_media_url":"","_links":{"self":[{"href":"https:\/\/centros.uepb.edu.br\/ccbsa\/wp-json\/wp\/v2\/posts\/1333","targetHints":{"allow":["GET"]}}],"collection":[{"href":"https:\/\/centros.uepb.edu.br\/ccbsa\/wp-json\/wp\/v2\/posts"}],"about":[{"href":"https:\/\/centros.uepb.edu.br\/ccbsa\/wp-json\/wp\/v2\/types\/post"}],"author":[{"embeddable":true,"href":"https:\/\/centros.uepb.edu.br\/ccbsa\/wp-json\/wp\/v2\/users\/8"}],"replies":[{"embeddable":true,"href":"https:\/\/centros.uepb.edu.br\/ccbsa\/wp-json\/wp\/v2\/comments?post=1333"}],"version-history":[{"count":0,"href":"https:\/\/centros.uepb.edu.br\/ccbsa\/wp-json\/wp\/v2\/posts\/1333\/revisions"}],"wp:attachment":[{"href":"https:\/\/centros.uepb.edu.br\/ccbsa\/wp-json\/wp\/v2\/media?parent=1333"}],"wp:term":[{"taxonomy":"category","embeddable":true,"href":"https:\/\/centros.uepb.edu.br\/ccbsa\/wp-json\/wp\/v2\/categories?post=1333"},{"taxonomy":"post_tag","embeddable":true,"href":"https:\/\/centros.uepb.edu.br\/ccbsa\/wp-json\/wp\/v2\/tags?post=1333"}],"curies":[{"name":"wp","href":"https:\/\/api.w.org\/{rel}","templated":true}]}}