{"id":1297,"date":"2013-12-02T18:21:52","date_gmt":"2013-12-02T18:21:52","guid":{"rendered":"\/ccbsa\/?p=1297"},"modified":"2013-12-04T10:47:43","modified_gmt":"2013-12-04T10:47:43","slug":"direcao-de-centro-informa-sobre-transporte-durante-atividades-do-congresso-universitario","status":"publish","type":"post","link":"https:\/\/centros.uepb.edu.br\/ccbsa\/direcao-de-centro-informa-sobre-transporte-durante-atividades-do-congresso-universitario\/","title":{"rendered":"Dire\u00e7\u00e3o de centro informa sobre transporte durante atividades do Congresso Universit\u00e1rio"},"content":{"rendered":"<p><strong>Prezados estudantes, professores e t\u00e9cnicos administrativos,<\/strong><\/p>\n<p>A dire\u00e7\u00e3o informa que o transporte para a participa\u00e7\u00e3o nas atividades do Congresso Universit\u00e1rio, em Campina Grande, disponibilizado aos participantes que encaminharam previamente \u00e0 secretaria de Centro os dados para a reserva de vaga, ocorrer\u00e1 da seguinte forma:<\/p>\n<p>&#8211; Dia 3 de dezembro &#8211; sa\u00edda \u00e0s 16h do pr\u00e9dio do Campus V, e retorno no dia 4 de dezembro, \u00e0s 18h, para que os professores e estudantes possam participar da abertura e dia de atividades de Pesquisa e Inicia\u00e7\u00e3o Cient\u00edfica. Os que foram dormir em Campina Grande, devem levar seus colch\u00f5es.<\/p>\n<p>&#8211; Dia 6 de dezembro &#8211; sa\u00edda \u00e0s 6h30 (impreterivelmente) e retorno \u00e0s 18h, para que os participantes possam exp\u00f4r seus trabalhos no dia de extens\u00e3o.<\/p>\n<p>Importante: As vagas apenas est\u00e3o garantidas para as pessoas que comunicaram o interesse \u00e0 dire\u00e7\u00e3o. Os que n\u00e3o puderem ir no transporte de ter\u00e7a-feira (3), mas, que deixaram seus nomes na dire\u00e7\u00e3o para a reserva de vagas, poder\u00e3o retornar normalmente no transporte da quarta-feira (4).<\/p>\n<p><strong>Dire\u00e7\u00e3o do CCBSA.<\/strong><\/p>\n","protected":false},"excerpt":{"rendered":"<p>Prezados estudantes, professores e t\u00e9cnicos administrativos, A dire\u00e7\u00e3o informa que o transporte para a participa\u00e7\u00e3o nas atividades do Congresso Universit\u00e1rio, em Campina Grande, disponibilizado aos participantes que encaminharam previamente \u00e0 secretaria de Centro os dados para a reserva de vaga, ocorrer\u00e1 da seguinte forma: &#8211; Dia 3 de dezembro &#8211; sa\u00edda \u00e0s 16h do pr\u00e9dio <a class=\"leiamais\" href=\"https:\/\/centros.uepb.edu.br\/ccbsa\/direcao-de-centro-informa-sobre-transporte-durante-atividades-do-congresso-universitario\/\">Leia Mais&#8230;<\/a><\/p>\n","protected":false},"author":8,"featured_media":1298,"comment_status":"open","ping_status":"open","sticky":false,"template":"","format":"standard","meta":{"footnotes":""},"categories":[3,5],"tags":[],"class_list":["post-1297","post","type-post","status-publish","format-standard","has-post-thumbnail","hentry","category-noticias","category-visiveis"],"jetpack_featured_media_url":"https:\/\/centros.uepb.edu.br\/ccbsa\/files\/2013\/12\/BANNERA1.jpg","_links":{"self":[{"href":"https:\/\/centros.uepb.edu.br\/ccbsa\/wp-json\/wp\/v2\/posts\/1297","targetHints":{"allow":["GET"]}}],"collection":[{"href":"https:\/\/centros.uepb.edu.br\/ccbsa\/wp-json\/wp\/v2\/posts"}],"about":[{"href":"https:\/\/centros.uepb.edu.br\/ccbsa\/wp-json\/wp\/v2\/types\/post"}],"author":[{"embeddable":true,"href":"https:\/\/centros.uepb.edu.br\/ccbsa\/wp-json\/wp\/v2\/users\/8"}],"replies":[{"embeddable":true,"href":"https:\/\/centros.uepb.edu.br\/ccbsa\/wp-json\/wp\/v2\/comments?post=1297"}],"version-history":[{"count":0,"href":"https:\/\/centros.uepb.edu.br\/ccbsa\/wp-json\/wp\/v2\/posts\/1297\/revisions"}],"wp:featuredmedia":[{"embeddable":true,"href":"https:\/\/centros.uepb.edu.br\/ccbsa\/wp-json\/wp\/v2\/media\/1298"}],"wp:attachment":[{"href":"https:\/\/centros.uepb.edu.br\/ccbsa\/wp-json\/wp\/v2\/media?parent=1297"}],"wp:term":[{"taxonomy":"category","embeddable":true,"href":"https:\/\/centros.uepb.edu.br\/ccbsa\/wp-json\/wp\/v2\/categories?post=1297"},{"taxonomy":"post_tag","embeddable":true,"href":"https:\/\/centros.uepb.edu.br\/ccbsa\/wp-json\/wp\/v2\/tags?post=1297"}],"curies":[{"name":"wp","href":"https:\/\/api.w.org\/{rel}","templated":true}]}}