{"id":1284,"date":"2013-11-29T17:57:56","date_gmt":"2013-11-29T17:57:56","guid":{"rendered":"\/ccbsa\/?p=1284"},"modified":"2013-12-09T22:10:10","modified_gmt":"2013-12-09T22:10:10","slug":"estudante-de-arquivologia-sera-a-representante-paraibana-em-bienal-que-reune-jovens-de-paises-de-lingua-portuguesa","status":"publish","type":"post","link":"https:\/\/centros.uepb.edu.br\/ccbsa\/estudante-de-arquivologia-sera-a-representante-paraibana-em-bienal-que-reune-jovens-de-paises-de-lingua-portuguesa\/","title":{"rendered":"Estudante de Arquivologia \u00e9 a representante paraibana em bienal de pa\u00edses de l\u00edngua portuguesa"},"content":{"rendered":"<p><a href=\"http:\/\/centros.ascom.uepb.edu.br\/ccbsa\/files\/2013\/11\/317625_252378461468095_1653839034_n.jpg\"><img loading=\"lazy\" decoding=\"async\" class=\"alignleft size-thumbnail wp-image-1286 img-responsive\" alt=\"317625_252378461468095_1653839034_n\" src=\"http:\/\/centros.ascom.uepb.edu.br\/ccbsa\/files\/2013\/11\/317625_252378461468095_1653839034_n-150x150.jpg\" width=\"150\" height=\"150\" \/><\/a>\u201cJos\u00e9 Sime\u00e3o Leal: o semeador de letras\u201d, esse \u00e9 o t\u00edtulo do projeto da estudante do 8\u00b0 per\u00edodo de Arquivologia da Universidade Estadual da Para\u00edba (UEPB), Renata Lopes Santana, selecionado entre os 35 trabalhos de todo o pa\u00eds para integrar a VI Bienal de Jovens Criadores da Comunidade dos Pa\u00edses de L\u00edngua Portuguesa (CPLP), realizada de 3 a 7 de dezembro, em Salvador, Bahia<\/p>\n<p>Al\u00e9m dos jovens brasileiros, a VI Bienal contou com a participa\u00e7\u00e3o de jovens de mais 7 pa\u00edses da CPLP (Portugal, Angola, Mo\u00e7ambique, Timor Leste, Cabo Verde, S\u00e3o Tom\u00e9 e Pr\u00edncipe e Guin\u00e9 Bissau).<\/p>\n<p>O trabalho de autoria da estudante Renata Santana, selecionado na categoria Literatura, busca divulgar a vida e obra do jornalista e cr\u00edtico de arte Jos\u00e9 Sime\u00e3o Leal, nascido na cidade de Areia na Para\u00edba, por meio das informa\u00e7\u00f5es memorial\u00edsticas obtidas no arquivo<a href=\"http:\/\/centros.ascom.uepb.edu.br\/ccbsa\/files\/2013\/11\/simeao-na-biblioteca.jpg\"><img loading=\"lazy\" decoding=\"async\" class=\"alignright size-thumbnail wp-image-1285 img-responsive\" alt=\"simeao-na-biblioteca\" src=\"http:\/\/centros.ascom.uepb.edu.br\/ccbsa\/files\/2013\/11\/simeao-na-biblioteca-150x150.jpg\" width=\"150\" height=\"150\" \/><\/a> pessoal do paraibano.<\/p>\n<p>No projeto apresentado pela discente \u00e9 explicitada a contribui\u00e7\u00e3o de Jos\u00e9 Sime\u00e3o Leal como semeador da cultura popular brasileira, por meio da cr\u00edtica liter\u00e1ria, edi\u00e7\u00e3o de livros, descoberta e divulga\u00e7\u00e3o de talentos como Rachel de Queiroz, Clarice Lispector, Tiago de Mello, Carlos Drummond de Andrade, Tom\u00e1s Santa Rosa, entre outros literatos. \u201cEm sua produ\u00e7\u00e3o editorial, junto ao Minist\u00e9rio de Educa\u00e7\u00e3o e Sa\u00fade, Jos\u00e9 Sime\u00e3o Leal torna-se um verdadeiro mago das culturas, pois indaga e investiga as manifesta\u00e7\u00f5es regionais (lapinha, dan\u00e7as africanas, congos, adivinha\u00e7\u00f5es, cantigas de roda), escrevendo relatos informais que contribuem para os estudos de cultura popular\u201d destaca Renata.<\/p>\n","protected":false},"excerpt":{"rendered":"<p>\u201cJos\u00e9 Sime\u00e3o Leal: o semeador de letras\u201d, esse \u00e9 o t\u00edtulo do projeto da estudante do 8\u00b0 per\u00edodo de Arquivologia da Universidade Estadual da Para\u00edba (UEPB), Renata Lopes Santana, selecionado entre os 35 trabalhos de todo o pa\u00eds para integrar a VI Bienal de Jovens Criadores da Comunidade dos Pa\u00edses de L\u00edngua Portuguesa (CPLP), realizada <a class=\"leiamais\" href=\"https:\/\/centros.uepb.edu.br\/ccbsa\/estudante-de-arquivologia-sera-a-representante-paraibana-em-bienal-que-reune-jovens-de-paises-de-lingua-portuguesa\/\">Leia Mais&#8230;<\/a><\/p>\n","protected":false},"author":8,"featured_media":1296,"comment_status":"open","ping_status":"open","sticky":false,"template":"","format":"standard","meta":{"footnotes":""},"categories":[1],"tags":[],"class_list":["post-1284","post","type-post","status-publish","format-standard","has-post-thumbnail","hentry","category-sem-categoria"],"jetpack_featured_media_url":"https:\/\/centros.uepb.edu.br\/ccbsa\/files\/2013\/11\/RENATA.jpg","_links":{"self":[{"href":"https:\/\/centros.uepb.edu.br\/ccbsa\/wp-json\/wp\/v2\/posts\/1284","targetHints":{"allow":["GET"]}}],"collection":[{"href":"https:\/\/centros.uepb.edu.br\/ccbsa\/wp-json\/wp\/v2\/posts"}],"about":[{"href":"https:\/\/centros.uepb.edu.br\/ccbsa\/wp-json\/wp\/v2\/types\/post"}],"author":[{"embeddable":true,"href":"https:\/\/centros.uepb.edu.br\/ccbsa\/wp-json\/wp\/v2\/users\/8"}],"replies":[{"embeddable":true,"href":"https:\/\/centros.uepb.edu.br\/ccbsa\/wp-json\/wp\/v2\/comments?post=1284"}],"version-history":[{"count":0,"href":"https:\/\/centros.uepb.edu.br\/ccbsa\/wp-json\/wp\/v2\/posts\/1284\/revisions"}],"wp:featuredmedia":[{"embeddable":true,"href":"https:\/\/centros.uepb.edu.br\/ccbsa\/wp-json\/wp\/v2\/media\/1296"}],"wp:attachment":[{"href":"https:\/\/centros.uepb.edu.br\/ccbsa\/wp-json\/wp\/v2\/media?parent=1284"}],"wp:term":[{"taxonomy":"category","embeddable":true,"href":"https:\/\/centros.uepb.edu.br\/ccbsa\/wp-json\/wp\/v2\/categories?post=1284"},{"taxonomy":"post_tag","embeddable":true,"href":"https:\/\/centros.uepb.edu.br\/ccbsa\/wp-json\/wp\/v2\/tags?post=1284"}],"curies":[{"name":"wp","href":"https:\/\/api.w.org\/{rel}","templated":true}]}}