{"id":1281,"date":"2013-11-29T15:19:53","date_gmt":"2013-11-29T15:19:53","guid":{"rendered":"\/ccbsa\/?p=1281"},"modified":"2013-12-10T11:45:33","modified_gmt":"2013-12-10T11:45:33","slug":"campus-da-uepb-em-joao-pessoa-sediara-a-feira-de-exposicao-internacional-global-village","status":"publish","type":"post","link":"https:\/\/centros.uepb.edu.br\/ccbsa\/campus-da-uepb-em-joao-pessoa-sediara-a-feira-de-exposicao-internacional-global-village\/","title":{"rendered":"Campus da UEPB em Jo\u00e3o Pessoa sedia a feira de exposi\u00e7\u00e3o internacional Global Village"},"content":{"rendered":"<p><a href=\"http:\/\/centros.ascom.uepb.edu.br\/ccbsa\/files\/2013\/11\/551376_10200765900382469_1931837452_n.jpg\"><img loading=\"lazy\" decoding=\"async\" class=\"alignleft size-thumbnail wp-image-1282 img-responsive\" alt=\"551376_10200765900382469_1931837452_n\" src=\"http:\/\/centros.ascom.uepb.edu.br\/ccbsa\/files\/2013\/11\/551376_10200765900382469_1931837452_n-150x150.jpg\" width=\"150\" height=\"150\" \/><\/a>Com o objetivo de apresentar aos estudantes a cultura de diversos pa\u00edses, por meio de m\u00fasica, fotografias, dentre outros elementos tradicionais, o Campus V da Universidade Estadual da Para\u00edba, em Jo\u00e3o Pessoa, sedia, nesta ter\u00e7a-feira, 10 de dezembro, das 9h30 \u00e0s 11h30, no p\u00e1tio do Centro de Ci\u00eancias Biol\u00f3gicas e Sociais Aplicadas, a Global Village, feira de exposi\u00e7\u00e3o internacional.<\/p>\n<p>O evento \u00e9 promovido pela AIESEC, reconhecida pela UNESCO como a maior organiza\u00e7\u00e3o de jovens universit\u00e1rios do mundo, apol\u00edtica, independente, sem fins lucrativos e totalmente gerida por jovens estudantes e rec\u00e9m-formados. A entidade est\u00e1 presente em 113 pa\u00edses e territ\u00f3rios com mais de 86.000 membros, dentre eles o estudante do 2\u00ba per\u00edodo de Rela\u00e7\u00f5es Internacionais da UEPB, Arllyn Mello, que \u00e9 o respons\u00e1vel pela articula\u00e7\u00e3o da atividade no Campus V.<\/p>\n<p>Durante a Global Village os visitantes t\u00eam a oportunidade de vivenciar a diversidade cultural e desfrutar de um ambiente internacional, aprimorando sua vis\u00e3o de mundo e desenvolvendo atitudes positivas.<\/p>\n<p>A inten\u00e7\u00e3o \u00e9 apresentar curiosidades, bandeiras, fotos e culin\u00e1ria de pa\u00edses como M\u00e9xico, Col\u00f4mbia, Argentina, Peru, It\u00e1lia e Chile. Al\u00e9m disso, s\u00e3o organizadas apresenta\u00e7\u00f5es de dan\u00e7a denominada \u201cRoll Calls\u201d, que s\u00e3o apresenta\u00e7\u00f5es de dan\u00e7a com forte influ\u00eancia cultural dos pa\u00edses onde a AIESEC est\u00e1 presente, cada comit\u00ea da organiza\u00e7\u00e3o no mundo tem sua pr\u00f3pria m\u00fasica e coreografia. Todas as atividades s\u00e3o gratuitas e abertas ao p\u00fablico em geral.<\/p>\n<p>Na oportunidade, os participantes da feira poder\u00e3o obter informa\u00e7\u00f5es sobre os tr\u00e2mites necess\u00e1rios para receber em casa estudantes intercambistas que est\u00e3o na Para\u00edba desenvolvendo trabalhos em Organiza\u00e7\u00f5es N\u00e3o Governamentais parceiras da AIESEC, na \u00e1rea de l\u00ednguas, ensino b\u00e1sico, intera\u00e7\u00e3o cultural e na gest\u00e3o administrativa das entidades brasileiras, poder\u00e3o trocar experi\u00eancias<\/p>\n","protected":false},"excerpt":{"rendered":"<p>Com o objetivo de apresentar aos estudantes a cultura de diversos pa\u00edses, por meio de m\u00fasica, fotografias, dentre outros elementos tradicionais, o Campus V da Universidade Estadual da Para\u00edba, em Jo\u00e3o Pessoa, sedia, nesta ter\u00e7a-feira, 10 de dezembro, das 9h30 \u00e0s 11h30, no p\u00e1tio do Centro de Ci\u00eancias Biol\u00f3gicas e Sociais Aplicadas, a Global Village, <a class=\"leiamais\" href=\"https:\/\/centros.uepb.edu.br\/ccbsa\/campus-da-uepb-em-joao-pessoa-sediara-a-feira-de-exposicao-internacional-global-village\/\">Leia Mais&#8230;<\/a><\/p>\n","protected":false},"author":8,"featured_media":1292,"comment_status":"open","ping_status":"open","sticky":false,"template":"","format":"standard","meta":{"footnotes":""},"categories":[3,5],"tags":[],"class_list":["post-1281","post","type-post","status-publish","format-standard","has-post-thumbnail","hentry","category-noticias","category-visiveis"],"jetpack_featured_media_url":"https:\/\/centros.uepb.edu.br\/ccbsa\/files\/2013\/11\/551376_10200765900382469_1931837452_n2.jpg","_links":{"self":[{"href":"https:\/\/centros.uepb.edu.br\/ccbsa\/wp-json\/wp\/v2\/posts\/1281","targetHints":{"allow":["GET"]}}],"collection":[{"href":"https:\/\/centros.uepb.edu.br\/ccbsa\/wp-json\/wp\/v2\/posts"}],"about":[{"href":"https:\/\/centros.uepb.edu.br\/ccbsa\/wp-json\/wp\/v2\/types\/post"}],"author":[{"embeddable":true,"href":"https:\/\/centros.uepb.edu.br\/ccbsa\/wp-json\/wp\/v2\/users\/8"}],"replies":[{"embeddable":true,"href":"https:\/\/centros.uepb.edu.br\/ccbsa\/wp-json\/wp\/v2\/comments?post=1281"}],"version-history":[{"count":0,"href":"https:\/\/centros.uepb.edu.br\/ccbsa\/wp-json\/wp\/v2\/posts\/1281\/revisions"}],"wp:featuredmedia":[{"embeddable":true,"href":"https:\/\/centros.uepb.edu.br\/ccbsa\/wp-json\/wp\/v2\/media\/1292"}],"wp:attachment":[{"href":"https:\/\/centros.uepb.edu.br\/ccbsa\/wp-json\/wp\/v2\/media?parent=1281"}],"wp:term":[{"taxonomy":"category","embeddable":true,"href":"https:\/\/centros.uepb.edu.br\/ccbsa\/wp-json\/wp\/v2\/categories?post=1281"},{"taxonomy":"post_tag","embeddable":true,"href":"https:\/\/centros.uepb.edu.br\/ccbsa\/wp-json\/wp\/v2\/tags?post=1281"}],"curies":[{"name":"wp","href":"https:\/\/api.w.org\/{rel}","templated":true}]}}