{"id":1275,"date":"2013-11-28T13:42:49","date_gmt":"2013-11-28T13:42:49","guid":{"rendered":"\/ccbsa\/?p=1275"},"modified":"2013-11-28T13:50:03","modified_gmt":"2013-11-28T13:50:03","slug":"setor-de-saude-do-trabalhador-realiza-visitas-para-elaborar-laudo-sobre-as-condicoes-ambientais-de-trabalho-na-uepb","status":"publish","type":"post","link":"https:\/\/centros.uepb.edu.br\/ccbsa\/setor-de-saude-do-trabalhador-realiza-visitas-para-elaborar-laudo-sobre-as-condicoes-ambientais-de-trabalho-na-uepb\/","title":{"rendered":"Setor de sa\u00fade do trabalhador realiza visitas para elaborar laudo sobre as condi\u00e7\u00f5es ambientais de trabalho na UEPB"},"content":{"rendered":"<p><a href=\"http:\/\/centros.ascom.uepb.edu.br\/ccbsa\/files\/2013\/11\/SAM_6736ed.jpg\"><img loading=\"lazy\" decoding=\"async\" class=\"alignleft size-thumbnail wp-image-1277 img-responsive\" alt=\"SAM_6736ed\" src=\"http:\/\/centros.ascom.uepb.edu.br\/ccbsa\/files\/2013\/11\/SAM_6736ed-150x150.jpg\" width=\"150\" height=\"150\" \/><\/a>A equipe do setor de Sa\u00fade do Trabalhador, vinculada \u00e0 Pro-Reitoria de Gest\u00e3o de Pessoas da Universidade Estadual da Para\u00edba, est\u00e1 visitando todos os campi da institui\u00e7\u00e3o, buscando fazer um levantamento sobre os locais de insalubridade e periculosidade da institui\u00e7\u00e3o.<\/p>\n<p>O engenheiro de seguran\u00e7a do trabalho, Fl\u00e1vio Jorge Dami\u00e3o, e a t\u00e9cnica de seguran\u00e7a do trabalho, Danielle Ginuino, est\u00e3o no Campus de Jo\u00e3o Pessoa realizando uma medi\u00e7\u00e3o preliminar quantitativa nos laborat\u00f3rios, biblioteca e arquivo, com observa\u00e7\u00e3o de fatores como ru\u00eddo, calor, umidade relativa do ar, luminosidade, entre outros.<a href=\"http:\/\/centros.ascom.uepb.edu.br\/ccbsa\/files\/2013\/11\/SAM_6752ed.jpg\"><img loading=\"lazy\" decoding=\"async\" class=\"alignright size-thumbnail wp-image-1278 img-responsive\" alt=\"SAM_6752ed\" src=\"http:\/\/centros.ascom.uepb.edu.br\/ccbsa\/files\/2013\/11\/SAM_6752ed-150x150.jpg\" width=\"150\" height=\"150\" \/><\/a><\/p>\n<p>A partir desse levantamento a equipe produz o Laudo T\u00e9cnico das Condi\u00e7\u00f5es Ambientais de Trabalho (LTCAT) de cada setor, que poder\u00e1, posteriormente, embasar as decis\u00f5es da junta m\u00e9dica da institui\u00e7\u00e3o na concess\u00f5es de insalubridade e periculosidade.<\/p>\n<p>J\u00e1 foram visitados os campi de Campina Grande, Lagoa Seca, Catol\u00e9 do Rocha e est\u00e1 agendada a visita ao Campus de Araruna. A perspectiva \u00e9 que at\u00e9 o fim primeiro trimestre de 2014 sejam conclu\u00eddos os levantamentos referentes a estas unidades, para que o trabalho prossiga com a vistoria nos demais campi.<\/p>\n","protected":false},"excerpt":{"rendered":"<p>A equipe do setor de Sa\u00fade do Trabalhador, vinculada \u00e0 Pro-Reitoria de Gest\u00e3o de Pessoas da Universidade Estadual da Para\u00edba, est\u00e1 visitando todos os campi da institui\u00e7\u00e3o, buscando fazer um levantamento sobre os locais de insalubridade e periculosidade da institui\u00e7\u00e3o. O engenheiro de seguran\u00e7a do trabalho, Fl\u00e1vio Jorge Dami\u00e3o, e a t\u00e9cnica de seguran\u00e7a do <a class=\"leiamais\" href=\"https:\/\/centros.uepb.edu.br\/ccbsa\/setor-de-saude-do-trabalhador-realiza-visitas-para-elaborar-laudo-sobre-as-condicoes-ambientais-de-trabalho-na-uepb\/\">Leia Mais&#8230;<\/a><\/p>\n","protected":false},"author":8,"featured_media":0,"comment_status":"open","ping_status":"open","sticky":false,"template":"","format":"standard","meta":{"footnotes":""},"categories":[3,5],"tags":[],"class_list":["post-1275","post","type-post","status-publish","format-standard","hentry","category-noticias","category-visiveis"],"jetpack_featured_media_url":"","_links":{"self":[{"href":"https:\/\/centros.uepb.edu.br\/ccbsa\/wp-json\/wp\/v2\/posts\/1275","targetHints":{"allow":["GET"]}}],"collection":[{"href":"https:\/\/centros.uepb.edu.br\/ccbsa\/wp-json\/wp\/v2\/posts"}],"about":[{"href":"https:\/\/centros.uepb.edu.br\/ccbsa\/wp-json\/wp\/v2\/types\/post"}],"author":[{"embeddable":true,"href":"https:\/\/centros.uepb.edu.br\/ccbsa\/wp-json\/wp\/v2\/users\/8"}],"replies":[{"embeddable":true,"href":"https:\/\/centros.uepb.edu.br\/ccbsa\/wp-json\/wp\/v2\/comments?post=1275"}],"version-history":[{"count":0,"href":"https:\/\/centros.uepb.edu.br\/ccbsa\/wp-json\/wp\/v2\/posts\/1275\/revisions"}],"wp:attachment":[{"href":"https:\/\/centros.uepb.edu.br\/ccbsa\/wp-json\/wp\/v2\/media?parent=1275"}],"wp:term":[{"taxonomy":"category","embeddable":true,"href":"https:\/\/centros.uepb.edu.br\/ccbsa\/wp-json\/wp\/v2\/categories?post=1275"},{"taxonomy":"post_tag","embeddable":true,"href":"https:\/\/centros.uepb.edu.br\/ccbsa\/wp-json\/wp\/v2\/tags?post=1275"}],"curies":[{"name":"wp","href":"https:\/\/api.w.org\/{rel}","templated":true}]}}