{"id":127,"date":"2013-06-10T11:45:53","date_gmt":"2013-06-10T11:45:53","guid":{"rendered":"\/ccbsa\/?p=127"},"modified":"2013-06-10T18:23:29","modified_gmt":"2013-06-10T18:23:29","slug":"professor-e-alunos-do-curso-de-ciencias-biologicas-do-campus-v-descobrem-o-belo-num-local-inusitado","status":"publish","type":"post","link":"https:\/\/centros.uepb.edu.br\/ccbsa\/professor-e-alunos-do-curso-de-ciencias-biologicas-do-campus-v-descobrem-o-belo-num-local-inusitado\/","title":{"rendered":"Professor e alunos do curso de Ci\u00eancias Biol\u00f3gicas do Campus V descobrem a beleza num local inusitado"},"content":{"rendered":"<p><a href=\"http:\/\/centros.ascom.uepb.edu.br\/ccbsa\/files\/2013\/06\/SAM_0773.jpg\"><img loading=\"lazy\" decoding=\"async\" class=\"size-thumbnail wp-image-129 alignleft img-responsive\" alt=\"SAM_0773\" src=\"http:\/\/centros.ascom.uepb.edu.br\/ccbsa\/files\/2013\/06\/SAM_0773-150x150.jpg\" width=\"150\" height=\"150\" \/><\/a>Onde encontrar a beleza? Para o psiquiatra Augusto Cury \u201cA beleza est\u00e1 nos olhos de quem v\u00ea\u201d. No cen\u00e1rio socio-econ\u00f4mico e cultural da atualidade, somos condicionados a achar bonito aquilo que o mundo nos apresenta dessa forma. O belo \u00e9 tido como algo luxuoso, caro, padr\u00f5es inalcan\u00e7\u00e1veis na sociedade em que vivemos. O pr\u00f3prio significado da palavra, determinada pelos dicion\u00e1rios \u00e9 de algo soberbo, majestoso, o oposto ao termo \u201cmodesto\u201d. Mas, por outro lado, h\u00e1 controv\u00e9rsias quanto ao verdadeiro sentido e lugar onde se encontra o que \u00e9 belo. Alguns tentam criar uma teoria de que belo \u00e9 o que encanta, provoca admira\u00e7\u00e3o, mas, ser\u00e1 que a beleza e o encanto que ela provoca tamb\u00e9m n\u00e3o podem estar presente na simplicidade?<br \/>\nAo seguirmos a nossa vida, rodeada de rotinas, cronometrada em cada mil\u00e9simo de segundo, deixamos passar por n\u00f3s uma infinidade de oportunidades de apreciar o belo, que se apresenta nos mais variados e inusitados lugares e situa\u00e7\u00f5es.<br \/>\nFoi numa simples aula de campo realizada no terreno utilizado como estacionamento do Campus V da Universidade Estadual da Para\u00edba, em Jo\u00e3o Pessoa, que o professor Cleber Salimon e seus alunos do componente curricular \u201cEcologia das Popula\u00e7\u00f5es\u201d, que comp\u00f5e o curso de Ci\u00eancias Biol\u00f3gicas, puderam provar que realmente \u201ca beleza est\u00e1 nos olhos de quem v\u00ea\u201d. Ap\u00f3s fotografar as v\u00e1rias flores e folhas presentes no local, o grupo se surpreendeu com o resultado captado pelas lentes da c\u00e2mera, lindas esp\u00e9cies que pareciam oriundas do mais belo jardim, mas, que, no entanto, estavam ali, perto do local onde muitos transitavam todos os dias sem perceb\u00ea-las. Dentre as esp\u00e9cies fotografadas estavam <a href=\"http:\/\/centros.ascom.uepb.edu.br\/ccbsa\/files\/2013\/06\/SAM_0785.jpg\"><img loading=\"lazy\" decoding=\"async\" class=\"alignright size-thumbnail wp-image-130 img-responsive\" alt=\"SAM_0785\" src=\"http:\/\/centros.ascom.uepb.edu.br\/ccbsa\/files\/2013\/06\/SAM_0785-150x150.jpg\" width=\"150\" height=\"150\" \/><\/a>plantas da fam\u00edlia das mimosaceaes, fabaceaes, asteraceaes, verbenaceaes, nyctaginaceaes, entre outras.<br \/>\n\u201cA op\u00e7\u00e3o de fazer a aula pr\u00e1tica neste terreno do campus V foi meramente pelo fato de encontrarmos dificuldade em conseguir transporte para deslocar os alunos para alguma \u00e1rea de preserva\u00e7\u00e3o. Tamb\u00e9m existe o fato de que a aula dura somente duas horas, o que dificulta para nos deslocarmos, fazermos a pr\u00e1tica e voltarmos a tempo dos alunos assistirem as outras aulas. Al\u00e9m disso, como uma aula pr\u00e1tica tem como objetivo refor\u00e7ar conceitos te\u00f3ricos atrav\u00e9s de atividades nas quais os pr\u00f3prios alunos sejam capazes de perceber os atributos ecol\u00f3gicos que falamos em sala de aula, isto pode ser feito em qualquer lugar que haja uma popula\u00e7\u00e3o biol\u00f3gica\u201d, explica o professor Cleber.<br \/>\nO professor Cleber destaca ainda que quando olhamos a natureza de longe deixamos de perceber os pequenos detalhes, pequenos animais ou flores e folhas. \u201cEu pessoalmente j\u00e1 havia notado previamente esta diversidade \u2018liliputiana\u2019. Mas os alunos s\u00f3 a perceberam ao se debru\u00e7arem no gramado e olharem detalhadamente. Acredito que poder\u00edamos aproveitar esse potencial e tornar estes gramados mais belos.<br \/>\nDe acordo com o diretor do CCBSA, professor Francisco Jaime, h\u00e1 um projeto que est\u00e1 em fase de implanta\u00e7\u00e3o para uma a\u00e7\u00e3o de paisagismo na <a href=\"http:\/\/centros.ascom.uepb.edu.br\/ccbsa\/files\/2013\/06\/SAM_0760.jpg\"><img loading=\"lazy\" decoding=\"async\" class=\"size-thumbnail wp-image-128 alignleft img-responsive\" alt=\"SAM_0760\" src=\"http:\/\/centros.ascom.uepb.edu.br\/ccbsa\/files\/2013\/06\/SAM_0760-150x150.jpg\" width=\"150\" height=\"150\" \/><\/a>\u00e1rea do estacionamento do Campus V, prevista para ocorrer dia 11 de junho. Ao todo, ser\u00e3o plantadas 67 mudas de esp\u00e9cies frut\u00edferas e \u00e1rvores da mata atl\u00e2ntica, incluindo: pau-brasil, ip\u00ea-amarelo, ip\u00ea-roxo, c\u00e1ssia-rosa, jasmim-manga, pata de vaca, jambeiros, mangueiras, cajueiros, acerola e azeitona preta. A iniciativa prev\u00ea que cada aluno, professor e t\u00e9cnico administrativo fique respons\u00e1vel por uma das plantas, cuidando destas esp\u00e9cies ap\u00f3s o plantio.<br \/>\nAs plantas s\u00e3o provenientes de viveiros dos c\u00e2mpus da UEPB em Campina Grande e Lagoa Seca, mantidos pelo Programa \u201cAdote uma \u00e1rvore\u201d, que \u00e9 coordenado pelo professor Ivan Coelho; do Horto Zoobot\u00e2nico de Jo\u00e3o Pessoa, da SEMAM e Parque de Exposi\u00e7\u00f5es Agropecu\u00e1rias de Jo\u00e3o Pessoa.<br \/>\nAl\u00e9m da quest\u00e3o ambiental e paisag\u00edstica, esta atitude segue um simbolismo referente ao Campus V, que, dentre as a\u00e7\u00f5es de sua inaugura\u00e7\u00e3o, em agosto de 2006, contou com uma atividade de plantio de \u00e1rvores no pr\u00e9dio da ESPEP, onde funcionava o Campus naquela \u00e9poca.<\/p>\n","protected":false},"excerpt":{"rendered":"<p>Onde encontrar a beleza? Para o psiquiatra Augusto Cury \u201cA beleza est\u00e1 nos olhos de quem v\u00ea\u201d. No cen\u00e1rio socio-econ\u00f4mico e cultural da atualidade, somos condicionados a achar bonito aquilo que o mundo nos apresenta dessa forma. O belo \u00e9 tido como algo luxuoso, caro, padr\u00f5es inalcan\u00e7\u00e1veis na sociedade em que vivemos. O pr\u00f3prio significado <a class=\"leiamais\" href=\"https:\/\/centros.uepb.edu.br\/ccbsa\/professor-e-alunos-do-curso-de-ciencias-biologicas-do-campus-v-descobrem-o-belo-num-local-inusitado\/\">Leia Mais&#8230;<\/a><\/p>\n","protected":false},"author":8,"featured_media":160,"comment_status":"open","ping_status":"open","sticky":false,"template":"","format":"standard","meta":{"footnotes":""},"categories":[6],"tags":[],"class_list":["post-127","post","type-post","status-publish","format-standard","has-post-thumbnail","hentry","category-slide"],"jetpack_featured_media_url":"https:\/\/centros.uepb.edu.br\/ccbsa\/files\/2013\/06\/flor.png","_links":{"self":[{"href":"https:\/\/centros.uepb.edu.br\/ccbsa\/wp-json\/wp\/v2\/posts\/127","targetHints":{"allow":["GET"]}}],"collection":[{"href":"https:\/\/centros.uepb.edu.br\/ccbsa\/wp-json\/wp\/v2\/posts"}],"about":[{"href":"https:\/\/centros.uepb.edu.br\/ccbsa\/wp-json\/wp\/v2\/types\/post"}],"author":[{"embeddable":true,"href":"https:\/\/centros.uepb.edu.br\/ccbsa\/wp-json\/wp\/v2\/users\/8"}],"replies":[{"embeddable":true,"href":"https:\/\/centros.uepb.edu.br\/ccbsa\/wp-json\/wp\/v2\/comments?post=127"}],"version-history":[{"count":0,"href":"https:\/\/centros.uepb.edu.br\/ccbsa\/wp-json\/wp\/v2\/posts\/127\/revisions"}],"wp:featuredmedia":[{"embeddable":true,"href":"https:\/\/centros.uepb.edu.br\/ccbsa\/wp-json\/wp\/v2\/media\/160"}],"wp:attachment":[{"href":"https:\/\/centros.uepb.edu.br\/ccbsa\/wp-json\/wp\/v2\/media?parent=127"}],"wp:term":[{"taxonomy":"category","embeddable":true,"href":"https:\/\/centros.uepb.edu.br\/ccbsa\/wp-json\/wp\/v2\/categories?post=127"},{"taxonomy":"post_tag","embeddable":true,"href":"https:\/\/centros.uepb.edu.br\/ccbsa\/wp-json\/wp\/v2\/tags?post=127"}],"curies":[{"name":"wp","href":"https:\/\/api.w.org\/{rel}","templated":true}]}}