{"id":12515,"date":"2026-04-29T17:56:08","date_gmt":"2026-04-29T17:56:08","guid":{"rendered":"https:\/\/centros.uepb.edu.br\/ccbsa\/?p=12515"},"modified":"2026-04-29T17:56:53","modified_gmt":"2026-04-29T17:56:53","slug":"campus-v-conta-com-programacao-especial-de-acolhimento-de-estudantes-ingressantes-e-inicio-do-semestre-2026-1","status":"publish","type":"post","link":"https:\/\/centros.uepb.edu.br\/ccbsa\/campus-v-conta-com-programacao-especial-de-acolhimento-de-estudantes-ingressantes-e-inicio-do-semestre-2026-1\/","title":{"rendered":"C\u00e2mpus V conta com programa\u00e7\u00e3o especial de acolhimento de estudantes ingressantes e in\u00edcio do semestre 2026.1"},"content":{"rendered":"<section class=\"text-token-text-primary w-full focus:outline-none [--shadow-height:45px] has-data-writing-block:pointer-events-none has-data-writing-block:-mt-(--shadow-height) has-data-writing-block:pt-(--shadow-height) [&amp;:has([data-writing-block])&gt;*]:pointer-events-auto [content-visibility:auto] supports-[content-visibility:auto]:[contain-intrinsic-size:auto_100lvh] R6Vx5W_threadScrollVars scroll-mb-[calc(var(--scroll-root-safe-area-inset-bottom,0px)+var(--thread-response-height))] scroll-mt-[calc(var(--header-height)+min(200px,max(70px,20svh)))]\" dir=\"auto\" data-turn-id=\"request-WEB:a9d43f65-117b-4024-a257-0b88880de9c3-8\" data-testid=\"conversation-turn-18\" data-scroll-anchor=\"false\" data-turn=\"assistant\">\n<div class=\"text-base my-auto mx-auto [--thread-content-margin:var(--thread-content-margin-xs,calc(var(--spacing)*4))] @w-sm\/main:[--thread-content-margin:var(--thread-content-margin-sm,calc(var(--spacing)*6))] @w-lg\/main:[--thread-content-margin:var(--thread-content-margin-lg,calc(var(--spacing)*16))] px-(--thread-content-margin)\">\n<div class=\"[--thread-content-max-width:40rem] @w-lg\/main:[--thread-content-max-width:48rem] mx-auto max-w-(--thread-content-max-width) flex-1 group\/turn-messages focus-visible:outline-hidden relative flex w-full min-w-0 flex-col agent-turn\">\n<div class=\"flex max-w-full flex-col gap-4 grow\">\n<div class=\"min-h-8 text-message relative flex w-full flex-col items-end gap-2 text-start break-words whitespace-normal outline-none keyboard-focused:focus-ring [.text-message+&amp;]:mt-1\" dir=\"auto\" data-message-author-role=\"assistant\" data-message-id=\"8d8d0c90-f3c2-4979-89aa-9e76f018b534\" data-message-model-slug=\"gpt-5-3\">\n<div class=\"flex w-full flex-col gap-1 empty:hidden\">\n<div class=\"markdown prose dark:prose-invert w-full wrap-break-word light markdown-new-styling\">\n<p data-start=\"112\" data-end=\"566\"><a href=\"https:\/\/centros.uepb.edu.br\/ccbsa\/files\/2026\/04\/0f9ba663-bc7f-4e8f-919c-8e2f3ce9ce26.jpg\"><img loading=\"lazy\" decoding=\"async\" class=\"aligncenter size-full wp-image-12519 img-responsive\" src=\"https:\/\/centros.uepb.edu.br\/ccbsa\/files\/2026\/04\/0f9ba663-bc7f-4e8f-919c-8e2f3ce9ce26.jpg\" alt=\"\" width=\"1200\" height=\"680\" srcset=\"https:\/\/centros.uepb.edu.br\/ccbsa\/files\/2026\/04\/0f9ba663-bc7f-4e8f-919c-8e2f3ce9ce26.jpg 1200w, https:\/\/centros.uepb.edu.br\/ccbsa\/files\/2026\/04\/0f9ba663-bc7f-4e8f-919c-8e2f3ce9ce26-300x170.jpg 300w, https:\/\/centros.uepb.edu.br\/ccbsa\/files\/2026\/04\/0f9ba663-bc7f-4e8f-919c-8e2f3ce9ce26-1120x635.jpg 1120w\" sizes=\"auto, (max-width: 1200px) 100vw, 1200px\" \/><\/a><\/p>\n<p data-start=\"112\" data-end=\"566\">O Centro de Ci\u00eancias Biol\u00f3gicas e Sociais Aplicadas (CCBSA) da Universidade Estadual da Para\u00edba (UEPB), deu in\u00edcio, no dia 27 de abril, \u00e0 programa\u00e7\u00e3o de acolhimento dos estudantes ingressantes do semestre letivo 2026.1. As atividades contemplam os cursos de Arquivologia, Ci\u00eancias Biol\u00f3gicas (Licenciatura e Bacharelado), Direito e Rela\u00e7\u00f5es Internacionais, com a\u00e7\u00f5es voltadas \u00e0 integra\u00e7\u00e3o acad\u00eamica e apresenta\u00e7\u00e3o da estrutura institucional.<\/p>\n<p data-start=\"568\" data-end=\"898\">A abertura ocorreu no Audit\u00f3rio Pioneiros, em dois momentos (manh\u00e3 e noite), reunindo dire\u00e7\u00e3o de centro, coordena\u00e7\u00f5es de curso, o coordenador de pesquisa da Pro-reitoria de P\u00f3s-gradua\u00e7\u00e3o e Pesquisa da UEPB, professor Manuel Antonio Gord\u00f3n-N\u00fa\u00f1ez, representantes da Biblioteca, N\u00facleo de L\u00ednguas e Restaurante Universit\u00e1rio, docentes, t\u00e9cnicos-administrativos e estudantes. O encontro teve como objetivo apresentar o funcionamento da Universidade, orientar os discentes e promover o primeiro contato com a vida acad\u00eamica.<\/p>\n<p data-start=\"900\" data-end=\"1305\">Para o diretor adjunto do CCBSA, professor Vancarder Brito, o evento foi marcado por forte participa\u00e7\u00e3o dos estudantes e pela relev\u00e2ncia do momento na trajet\u00f3ria acad\u00eamica dos ingressantes. Segundo ele, o audit\u00f3rio lotado simbolizou o interesse e o envolvimento das novas turmas de discentes, que tiveram acesso a informa\u00e7\u00f5es essenciais sobre o funcionamento da Institui\u00e7\u00e3o e o papel da universidade em suas forma\u00e7\u00f5es.<\/p>\n<p data-start=\"900\" data-end=\"1305\"><a href=\"https:\/\/centros.uepb.edu.br\/ccbsa\/files\/2026\/04\/73cead5f-c16c-4eba-bd7a-f5f983e14086.jpg\"><img loading=\"lazy\" decoding=\"async\" class=\"aligncenter size-full wp-image-12520 img-responsive\" src=\"https:\/\/centros.uepb.edu.br\/ccbsa\/files\/2026\/04\/73cead5f-c16c-4eba-bd7a-f5f983e14086.jpg\" alt=\"\" width=\"1200\" height=\"680\" srcset=\"https:\/\/centros.uepb.edu.br\/ccbsa\/files\/2026\/04\/73cead5f-c16c-4eba-bd7a-f5f983e14086.jpg 1200w, https:\/\/centros.uepb.edu.br\/ccbsa\/files\/2026\/04\/73cead5f-c16c-4eba-bd7a-f5f983e14086-300x170.jpg 300w, https:\/\/centros.uepb.edu.br\/ccbsa\/files\/2026\/04\/73cead5f-c16c-4eba-bd7a-f5f983e14086-1120x635.jpg 1120w\" sizes=\"auto, (max-width: 1200px) 100vw, 1200px\" \/><\/a><\/p>\n<p data-start=\"1307\" data-end=\"1844\">Na oportunidade, o professor Manuel Gordon destacou a import\u00e2ncia da integra\u00e7\u00e3o entre ensino, pesquisa e extens\u00e3o na forma\u00e7\u00e3o universit\u00e1ria. Em sua fala, ele apresentou aos estudantes as possibilidades de inser\u00e7\u00e3o em atividades de pesquisa, como o Programa Institucional de Bolsas de Inicia\u00e7\u00e3o Cient\u00edfica (PIBIC), ressaltando que o ingresso nesse universo amplia horizontes e contribui para a forma\u00e7\u00e3o acad\u00eamica e profissional.\u00a0\u201c\u00c9 fundamental que o estudante compreenda, desde o in\u00edcio, que a universidade n\u00e3o se limita \u00e0 sala de aula. A participa\u00e7\u00e3o em projetos de pesquisa permite aprofundar conhecimentos e vivenciar experi\u00eancias que complementam a forma\u00e7\u00e3o\u201d, destacou.<\/p>\n<p data-start=\"2295\" data-end=\"2761\">O estudante do primeiro per\u00edodo curso de Rela\u00e7\u00f5es Internacionais, Thiago Barthiman, destacou a expectativa positiva em rela\u00e7\u00e3o \u00e0 trajet\u00f3ria acad\u00eamica. Natural de S\u00e3o Paulo, ele afirmou ter escolhido a UEPB ap\u00f3s conhecer a cidade de Jo\u00e3o Pessoa e identificar a qualidade do curso na regi\u00e3o. \u201cEspero uma trajet\u00f3ria de realiza\u00e7\u00e3o e crescimento. Esse primeiro momento j\u00e1 mostra que a universidade oferece a base necess\u00e1ria para construirmos nosso futuro\u201d, afirmou.<\/p>\n<p data-start=\"2295\" data-end=\"2761\"><a href=\"https:\/\/centros.uepb.edu.br\/ccbsa\/files\/2026\/04\/750df965-17aa-48f7-b1e7-500f5f89cdf9.jpg\"><img loading=\"lazy\" decoding=\"async\" class=\"aligncenter size-full wp-image-12522 img-responsive\" src=\"https:\/\/centros.uepb.edu.br\/ccbsa\/files\/2026\/04\/750df965-17aa-48f7-b1e7-500f5f89cdf9.jpg\" alt=\"\" width=\"1200\" height=\"680\" srcset=\"https:\/\/centros.uepb.edu.br\/ccbsa\/files\/2026\/04\/750df965-17aa-48f7-b1e7-500f5f89cdf9.jpg 1200w, https:\/\/centros.uepb.edu.br\/ccbsa\/files\/2026\/04\/750df965-17aa-48f7-b1e7-500f5f89cdf9-300x170.jpg 300w, https:\/\/centros.uepb.edu.br\/ccbsa\/files\/2026\/04\/750df965-17aa-48f7-b1e7-500f5f89cdf9-1120x635.jpg 1120w\" sizes=\"auto, (max-width: 1200px) 100vw, 1200px\" \/><\/a><\/p>\n<h3 data-section-id=\"1w2r8y3\" data-start=\"2763\" data-end=\"2800\">Programa\u00e7\u00e3o espec\u00edfica dos cursos<\/h3>\n<p data-start=\"2802\" data-end=\"3008\">Al\u00e9m da programa\u00e7\u00e3o geral, os cursos organizaram atividades espec\u00edficas. O curso de Direito promove uma s\u00e9rie de encontros tem\u00e1ticos, abordando quest\u00f5es contempor\u00e2neas e relevantes para a forma\u00e7\u00e3o jur\u00eddica.<\/p>\n<p data-start=\"3010\" data-end=\"3398\">Na ter\u00e7a-feira (28), foi realizada a palestra \u201cViol\u00eancia contra as mulheres por parceiro \u00edntimo e as consequ\u00eancias neurofisiol\u00f3gicas\u201d, ministrada pela doutora em Direitos Humanos e Desenvolvimento e professora do Unip\u00ea e da Faculdade de Ensino Superior da Para\u00edba (FESP), Ana Carolina Gondim, e pela doutoranda em psicologia social e assessora t\u00e9cnica da diretoria de enfrentamento \u00e0 viol\u00eancia contra a mulher da secretaria de pol\u00edticas p\u00fablicas para mulheres da Prefeitura Municipal de Jo\u00e3o Pessoa, G\u00e9ssica Almeida de Freitas. A atividade trouxe reflex\u00f5es sobre os impactos da viol\u00eancia na sa\u00fade das mulheres e a import\u00e2ncia de uma abordagem qualificada por parte dos futuros profissionais do Direito.<\/p>\n<p data-start=\"3010\" data-end=\"3398\">A professora G\u00e9ssica Almeida de Freitas apresentou evid\u00eancias cient\u00edficas que s\u00e3o fruto de pesquisas que a mesma tem desenvolvido e que demonstram os efeitos da viol\u00eancia na sa\u00fade das v\u00edtimas. \u201cComprovamos, a partir de uma pesquisa in\u00e9dita no Brasil, que esses d\u00e9ficits neuropsicol\u00f3gicos realmente acometem mulheres em situa\u00e7\u00e3o de viol\u00eancia. Trazer essa discuss\u00e3o para o Direito \u00e9 fundamental para que os futuros profissionais compreendam como essas informa\u00e7\u00f5es podem contribuir, por exemplo, em processos de fam\u00edlia e guarda\u201d, explicou.<\/p>\n<p data-start=\"3010\" data-end=\"3398\"><a href=\"https:\/\/centros.uepb.edu.br\/ccbsa\/files\/2026\/04\/WhatsApp-Image-2026-04-29-at-10.55.49.jpeg\"><img loading=\"lazy\" decoding=\"async\" class=\"aligncenter size-full wp-image-12521 img-responsive\" src=\"https:\/\/centros.uepb.edu.br\/ccbsa\/files\/2026\/04\/WhatsApp-Image-2026-04-29-at-10.55.49.jpeg\" alt=\"\" width=\"1200\" height=\"680\" srcset=\"https:\/\/centros.uepb.edu.br\/ccbsa\/files\/2026\/04\/WhatsApp-Image-2026-04-29-at-10.55.49.jpeg 1200w, https:\/\/centros.uepb.edu.br\/ccbsa\/files\/2026\/04\/WhatsApp-Image-2026-04-29-at-10.55.49-300x170.jpeg 300w, https:\/\/centros.uepb.edu.br\/ccbsa\/files\/2026\/04\/WhatsApp-Image-2026-04-29-at-10.55.49-1120x635.jpeg 1120w\" sizes=\"auto, (max-width: 1200px) 100vw, 1200px\" \/><\/a><\/p>\n<\/div>\n<p data-start=\"3898\" data-end=\"4303\">J\u00e1 a professora Ana Carolina Gondim destacou a import\u00e2ncia de ampliar a compreens\u00e3o sobre as m\u00faltiplas formas de viol\u00eancia. \u201cMuitas mulheres vivenciam situa\u00e7\u00f5es de viol\u00eancia psicol\u00f3gica e n\u00e3o reconhecem. \u00c9 essencial que os estudantes compreendam os diferentes tipos de viol\u00eancia, suas origens e consequ\u00eancias, para que possam atuar de forma mais sens\u00edvel e respons\u00e1vel no exerc\u00edcio profissional\u201d, pontuou.<\/p>\n<p data-start=\"4305\" data-end=\"4539\">A programa\u00e7\u00e3o seguiu nesta quarta-feira (29) pela manh\u00e3 com a mesa &#8220;Sociedade da Informa\u00e7\u00e3o, cyberseguran\u00e7a e marco jur\u00eddico de regula\u00e7\u00e3o da Internet&#8221;,\u00a0ministrada pelo professor da FESP Faculdades e do Centro de Educa\u00e7\u00e3o da Pol\u00edcia Militar da Para\u00edba, Arnaldo Sobrinho, com media\u00e7\u00e3o do professor do curso de Direito do C\u00e2mpus V Bianor Arruda. Em seguida, \u00e0s 10h, o coordenador de Rela\u00e7\u00f5es Internacionais da UEPB e mestre pela Universidade Livre de Bruxelas, professor Cl\u00e1udio Lucena, apresentou o tema \u201cResponsabilidade civil das plataformas digitais\u201d, com a media\u00e7\u00e3o da professora da UEPB Izabelle Ramalho.<\/p>\n<p data-start=\"4305\" data-end=\"4539\"><a href=\"https:\/\/centros.uepb.edu.br\/ccbsa\/files\/2026\/04\/50b266da-3a38-4d58-ae67-ce120da2eb53.jpg\"><img loading=\"lazy\" decoding=\"async\" class=\"aligncenter size-full wp-image-12523 img-responsive\" src=\"https:\/\/centros.uepb.edu.br\/ccbsa\/files\/2026\/04\/50b266da-3a38-4d58-ae67-ce120da2eb53.jpg\" alt=\"\" width=\"1200\" height=\"680\" srcset=\"https:\/\/centros.uepb.edu.br\/ccbsa\/files\/2026\/04\/50b266da-3a38-4d58-ae67-ce120da2eb53.jpg 1200w, https:\/\/centros.uepb.edu.br\/ccbsa\/files\/2026\/04\/50b266da-3a38-4d58-ae67-ce120da2eb53-300x170.jpg 300w, https:\/\/centros.uepb.edu.br\/ccbsa\/files\/2026\/04\/50b266da-3a38-4d58-ae67-ce120da2eb53-1120x635.jpg 1120w\" sizes=\"auto, (max-width: 1200px) 100vw, 1200px\" \/><\/a><\/p>\n<p data-start=\"4541\" data-end=\"4970\">Segundo o coordenador do curso de Direito, professor Germano Ramalho, a programa\u00e7\u00e3o do curso de Direito foi idealizada para proporcionar aos estudantes uma forma\u00e7\u00e3o conectada com as demandas contempor\u00e2neas. \u201cNosso objetivo \u00e9 apresentar, desde o in\u00edcio, que o Direito vai al\u00e9m das carreiras tradicionais. Trabalhamos tamb\u00e9m com \u00e1reas como direito digital, prote\u00e7\u00e3o de dados e inova\u00e7\u00e3o, ampliando as possibilidades de atua\u00e7\u00e3o profissional dos estudantes\u201d, ressaltou.<\/p>\n<\/div>\n<\/div>\n<\/div>\n<\/div>\n<\/div>\n<\/section>\n<p data-start=\"0\" data-end=\"323\">O curso de Arquivologia estruturou uma programa\u00e7\u00e3o abrangente para a Semana de Acolhimento, com atividades que articulam forma\u00e7\u00e3o te\u00f3rica e pr\u00e1tica. De acordo com o coordenador do curso, professor Josemar de Melo, &#8220;a ideia por tr\u00e1s da semana de acolhimento \u00e9, n\u00e3o s\u00f3 recepcionar os feras e os demais estudantes, mas tentar mostrar as possibilidades da Arquivologia pra al\u00e9m da sala de aula, com oficinas que tratem de temas horizontais&#8221;. A Aula Magna foi realizada no dia 28 de abril, no turno noturno, ministrada pelo arquivista e doutorando em Ci\u00eancia da Informa\u00e7\u00e3o Victor Hugo Teixeira.<\/p>\n<p data-start=\"0\" data-end=\"323\"><a href=\"https:\/\/centros.uepb.edu.br\/ccbsa\/files\/2026\/04\/WhatsApp-Image-2026-04-29-at-13.13.42.jpeg\"><img loading=\"lazy\" decoding=\"async\" class=\"aligncenter size-full wp-image-12524 img-responsive\" src=\"https:\/\/centros.uepb.edu.br\/ccbsa\/files\/2026\/04\/WhatsApp-Image-2026-04-29-at-13.13.42.jpeg\" alt=\"\" width=\"1200\" height=\"680\" srcset=\"https:\/\/centros.uepb.edu.br\/ccbsa\/files\/2026\/04\/WhatsApp-Image-2026-04-29-at-13.13.42.jpeg 1200w, https:\/\/centros.uepb.edu.br\/ccbsa\/files\/2026\/04\/WhatsApp-Image-2026-04-29-at-13.13.42-300x170.jpeg 300w, https:\/\/centros.uepb.edu.br\/ccbsa\/files\/2026\/04\/WhatsApp-Image-2026-04-29-at-13.13.42-1120x635.jpeg 1120w\" sizes=\"auto, (max-width: 1200px) 100vw, 1200px\" \/><\/a><\/p>\n<p data-start=\"325\" data-end=\"1276\">Nesta ter\u00e7a-feira (29), a programa\u00e7\u00e3o contou com a realiza\u00e7\u00e3o de diversas oficinas tem\u00e1ticas conduzidas por docentes e profissionais da \u00e1rea, abordando diferentes dimens\u00f5es da atua\u00e7\u00e3o arquiv\u00edstica: \u201cEmpreendedorismo em Arquivologia\u201d, ministrada pelo CEO da Infodoc, Daniel Falc\u00e3o; \u201cNo\u00e7\u00f5es de Paleografia e Acervos Hist\u00f3ricos Paraibanos\u201d, com o professor Rams\u00e9s Nunes e Silva; e \u201cConserva\u00e7\u00e3o Preventiva: aplica\u00e7\u00e3o do poli\u00e9ster cristal no acondicionamento de fotografias\u201d, conduzida pela professora Ismaelly Batista dos Santos Silva. Tamb\u00e9m foram ofertadas \u201cEstrat\u00e9gias e ferramentas digitais para o marketing em arquivos\u201d, com a professora B\u00e1rbara Carvalho Diniz; \u201cModerniza\u00e7\u00e3o digital: proposta de utiliza\u00e7\u00e3o do Archivematica e do AtoM\u201d, com a equipe do N\u00facleo de Pesquisa em Moderniza\u00e7\u00e3o Digital; e \u201cClassifica\u00e7\u00e3o de documentos de arquivo\u201d, ministrada pelo professor S\u00e2nderson Lopes Dorneles.<\/p>\n<p data-start=\"1278\" data-end=\"1670\">Ainda na programa\u00e7\u00e3o do dia 29, os estudantes participaram de oficinas voltadas \u00e0 pesquisa e produ\u00e7\u00e3o cient\u00edfica, como \u201cDo Scispace ao Mendeley \u2013 plataformas online para buscar e organizar fontes de pesquisa\u201d, com o professor Henrique Fran\u00e7a, al\u00e9m da atividade \u201cO que falta tamb\u00e9m produz: cartografando aus\u00eancias de um acervo acad\u00eamico da Para\u00edba\u201d, conduzida pela arquivista Layane Marques.<\/p>\n<p data-start=\"1278\" data-end=\"1670\"><a href=\"https:\/\/centros.uepb.edu.br\/ccbsa\/files\/2026\/04\/27fa5357-1fba-4e4c-9ab8-8456a1d2ab84.jpg\"><img loading=\"lazy\" decoding=\"async\" class=\"aligncenter size-full wp-image-12525 img-responsive\" src=\"https:\/\/centros.uepb.edu.br\/ccbsa\/files\/2026\/04\/27fa5357-1fba-4e4c-9ab8-8456a1d2ab84.jpg\" alt=\"\" width=\"1200\" height=\"680\" srcset=\"https:\/\/centros.uepb.edu.br\/ccbsa\/files\/2026\/04\/27fa5357-1fba-4e4c-9ab8-8456a1d2ab84.jpg 1200w, https:\/\/centros.uepb.edu.br\/ccbsa\/files\/2026\/04\/27fa5357-1fba-4e4c-9ab8-8456a1d2ab84-300x170.jpg 300w, https:\/\/centros.uepb.edu.br\/ccbsa\/files\/2026\/04\/27fa5357-1fba-4e4c-9ab8-8456a1d2ab84-1120x635.jpg 1120w\" sizes=\"auto, (max-width: 1200px) 100vw, 1200px\" \/><\/a><\/p>\n<p data-start=\"1672\" data-end=\"2209\">A programa\u00e7\u00e3o segue nesta quarta-feira (30), com novas atividades formativas. Est\u00e3o previstas as oficinas \u201cAcervos musicais: som, letra e documento\u201d, ministrada por Geane Luna; \u201cConstru\u00e7\u00e3o e qualifica\u00e7\u00e3o do Curr\u00edculo Lattes\u201d, com a professora Eliete Correia dos Santos; \u201cApresentando a ontog\u00eanese documental e a classifica\u00e7\u00e3o multifacetada\u201d, conduzida pela professora Julianne Teixeira e Silva; e \u201cProdu\u00e7\u00e3o de artigo para alta performance acad\u00eamica\u201d, ministrada pelas professoras Jacqueline Echeverr\u00eda Barrancos e Manuela Eug\u00eanio Maia.<\/p>\n<p data-start=\"2211\" data-end=\"2576\" data-is-last-node=\"\" data-is-only-node=\"\">Al\u00e9m das oficinas, ao longo dos dias 29 e 30 de abril, os estudantes do primeiro per\u00edodo participam de visitas guiadas ao Campus V e de palestras institucionais que apresentam programas e oportunidades da UEPB, como bolsas de pesquisa, extens\u00e3o, monitoria e pol\u00edticas de perman\u00eancia estudantil, contribuindo para uma inser\u00e7\u00e3o mais qualificada na vida universit\u00e1ria.<\/p>\n<p data-start=\"2211\" data-end=\"2576\" data-is-last-node=\"\" data-is-only-node=\"\">J\u00e1 as novas turmas de Rela\u00e7\u00f5es Internacionais ter\u00e3o uma programa\u00e7\u00e3o especial organizada pelo Centro Acad\u00eamico, com apoio da coordena\u00e7\u00e3o de curso, com atividades de 4 a 8 de maio. Na segunda-feira, 4 de maio, pela manh\u00e3, no audit\u00f3rio Pioneiros, ser\u00e1 realizada uma mesa sobre experi\u00eancias concretas de interc\u00e2mbio, monitoria e est\u00e1gio em Rela\u00e7\u00f5es Internacionais. J\u00e1 no turno da noite, a especialista em diplomacia Ana Paula Poppi conduz a palestra \u201cConstruindo uma carreira em Rela\u00e7\u00f5es Internacionais: oportunidades, desafios e o futuro do trabalho\u201d, trazendo reflex\u00f5es sobre trajet\u00f3rias profissionais na \u00e1rea.<\/p>\n<p>A programa\u00e7\u00e3o segue no dia 5 de maio, \u00e0s 9h30, no audit\u00f3rio Pioneiros, com a escuta do primeiro epis\u00f3dio do podcast \u201cO que \u00e9 seguran\u00e7a?\u201d, com a professora da UEPB Izadora Xavier, al\u00e9m do \u201cCaf\u00e9 com Diplomata\u201d, promovido pela Eleven Jr. \u00c0 noite, o professor do curso de Rela\u00e7\u00f5es Internacionais, Filipe Reis, ministra a palestra \u201cO Ir\u00e3 tem o direito de se defender\u201d.<\/p>\n<p>No dia 6 de maio, \u00e0s 19h, no audit\u00f3rio Pioneiros, ser\u00e1 realizada a Aula Inaugural do semestre, com o tema \u201cAs Rela\u00e7\u00f5es Internacionais desde o Nordeste: g\u00eanero, ra\u00e7a e colonialidade\u201d, reunindo o professor aposentado da UFRN Durval Muniz e o professor da UEPB, Vin\u00edcius Santiago, com media\u00e7\u00e3o de Filipe Reis.\u00a0A programa\u00e7\u00e3o inclui ainda, no dia 7 de maio, das 14 \u00e0s 16h, a Feira de Projetos, no hall do RU; e no dia 8, \u00e0s 9h30, no audit\u00f3rio Pioneiros, uma Oficina Metodol\u00f3gica, al\u00e9m do Trote da Atl\u00e9tica e Apadrinhamento, na quadra do C\u00e2mpus.<\/p>\n<p><strong>Texto e fotos:<\/strong> Juliana Marques.<\/p>\n\n\t\t<style type=\"text\/css\">\n\t\t\t#gallery-1 {\n\t\t\t\tmargin: auto;\n\t\t\t}\n\t\t\t#gallery-1 .gallery-item {\n\t\t\t\tfloat: left;\n\t\t\t\tmargin-top: 10px;\n\t\t\t\ttext-align: center;\n\t\t\t\twidth: 100%;\n\t\t\t}\n\t\t\t#gallery-1 img {\n\t\t\t\tborder: 2px solid #cfcfcf;\n\t\t\t}\n\t\t\t#gallery-1 .gallery-caption {\n\t\t\t\tmargin-left: 0;\n\t\t\t}\n\t\t\t\/* see gallery_shortcode() in wp-includes\/media.php *\/\n\t\t<\/style>\n\t\t<div id='gallery-1' class='gallery galleryid-12515 gallery-columns-1 gallery-size-full'><dl class='gallery-item'>\n\t\t\t<dt class='gallery-icon landscape'>\n\t\t\t\t<a href='https:\/\/centros.uepb.edu.br\/ccbsa\/files\/2026\/04\/25125d89-3121-4d4f-a5cb-ce042ec3a1d0.jpg'><img loading=\"lazy\" decoding=\"async\" width=\"1200\" height=\"680\" src=\"https:\/\/centros.uepb.edu.br\/ccbsa\/files\/2026\/04\/25125d89-3121-4d4f-a5cb-ce042ec3a1d0.jpg\" class=\"attachment-full size-full\" alt=\"\" srcset=\"https:\/\/centros.uepb.edu.br\/ccbsa\/files\/2026\/04\/25125d89-3121-4d4f-a5cb-ce042ec3a1d0.jpg 1200w, https:\/\/centros.uepb.edu.br\/ccbsa\/files\/2026\/04\/25125d89-3121-4d4f-a5cb-ce042ec3a1d0-300x170.jpg 300w, https:\/\/centros.uepb.edu.br\/ccbsa\/files\/2026\/04\/25125d89-3121-4d4f-a5cb-ce042ec3a1d0-1120x635.jpg 1120w\" sizes=\"auto, (max-width: 1200px) 100vw, 1200px\" \/><\/a>\n\t\t\t<\/dt><\/dl><br style=\"clear: both\" \/><dl class='gallery-item'>\n\t\t\t<dt class='gallery-icon landscape'>\n\t\t\t\t<a href='https:\/\/centros.uepb.edu.br\/ccbsa\/files\/2026\/04\/0910c2d6-680c-44b4-9547-a87ea532c4ab.jpg'><img loading=\"lazy\" decoding=\"async\" width=\"1200\" height=\"680\" src=\"https:\/\/centros.uepb.edu.br\/ccbsa\/files\/2026\/04\/0910c2d6-680c-44b4-9547-a87ea532c4ab.jpg\" class=\"attachment-full size-full\" alt=\"\" srcset=\"https:\/\/centros.uepb.edu.br\/ccbsa\/files\/2026\/04\/0910c2d6-680c-44b4-9547-a87ea532c4ab.jpg 1200w, https:\/\/centros.uepb.edu.br\/ccbsa\/files\/2026\/04\/0910c2d6-680c-44b4-9547-a87ea532c4ab-300x170.jpg 300w, https:\/\/centros.uepb.edu.br\/ccbsa\/files\/2026\/04\/0910c2d6-680c-44b4-9547-a87ea532c4ab-1120x635.jpg 1120w\" sizes=\"auto, (max-width: 1200px) 100vw, 1200px\" \/><\/a>\n\t\t\t<\/dt><\/dl><br style=\"clear: both\" \/><dl class='gallery-item'>\n\t\t\t<dt class='gallery-icon landscape'>\n\t\t\t\t<a href='https:\/\/centros.uepb.edu.br\/ccbsa\/files\/2026\/04\/aafb35a3-d207-41dc-a2d2-2c1af39e1afb.jpg'><img loading=\"lazy\" decoding=\"async\" width=\"1200\" height=\"680\" src=\"https:\/\/centros.uepb.edu.br\/ccbsa\/files\/2026\/04\/aafb35a3-d207-41dc-a2d2-2c1af39e1afb.jpg\" class=\"attachment-full size-full\" alt=\"\" srcset=\"https:\/\/centros.uepb.edu.br\/ccbsa\/files\/2026\/04\/aafb35a3-d207-41dc-a2d2-2c1af39e1afb.jpg 1200w, https:\/\/centros.uepb.edu.br\/ccbsa\/files\/2026\/04\/aafb35a3-d207-41dc-a2d2-2c1af39e1afb-300x170.jpg 300w, https:\/\/centros.uepb.edu.br\/ccbsa\/files\/2026\/04\/aafb35a3-d207-41dc-a2d2-2c1af39e1afb-1120x635.jpg 1120w\" sizes=\"auto, (max-width: 1200px) 100vw, 1200px\" \/><\/a>\n\t\t\t<\/dt><\/dl><br style=\"clear: both\" \/><dl class='gallery-item'>\n\t\t\t<dt class='gallery-icon landscape'>\n\t\t\t\t<a href='https:\/\/centros.uepb.edu.br\/ccbsa\/files\/2026\/04\/WhatsApp-Image-2026-04-29-at-13.13.55.jpeg'><img loading=\"lazy\" decoding=\"async\" width=\"1200\" height=\"680\" src=\"https:\/\/centros.uepb.edu.br\/ccbsa\/files\/2026\/04\/WhatsApp-Image-2026-04-29-at-13.13.55.jpeg\" class=\"attachment-full size-full\" alt=\"\" srcset=\"https:\/\/centros.uepb.edu.br\/ccbsa\/files\/2026\/04\/WhatsApp-Image-2026-04-29-at-13.13.55.jpeg 1200w, https:\/\/centros.uepb.edu.br\/ccbsa\/files\/2026\/04\/WhatsApp-Image-2026-04-29-at-13.13.55-300x170.jpeg 300w, https:\/\/centros.uepb.edu.br\/ccbsa\/files\/2026\/04\/WhatsApp-Image-2026-04-29-at-13.13.55-1120x635.jpeg 1120w\" sizes=\"auto, (max-width: 1200px) 100vw, 1200px\" \/><\/a>\n\t\t\t<\/dt><\/dl><br style=\"clear: both\" \/>\n\t\t<\/div>\n\n","protected":false},"excerpt":{"rendered":"<p>O Centro de Ci\u00eancias Biol\u00f3gicas e Sociais Aplicadas (CCBSA) da Universidade Estadual da Para\u00edba (UEPB), deu in\u00edcio, no dia 27 de abril, \u00e0 programa\u00e7\u00e3o de acolhimento dos estudantes ingressantes do semestre letivo 2026.1. As atividades contemplam os cursos de Arquivologia, Ci\u00eancias Biol\u00f3gicas (Licenciatura e Bacharelado), Direito e Rela\u00e7\u00f5es Internacionais, com a\u00e7\u00f5es voltadas \u00e0 integra\u00e7\u00e3o acad\u00eamica <a class=\"leiamais\" href=\"https:\/\/centros.uepb.edu.br\/ccbsa\/campus-v-conta-com-programacao-especial-de-acolhimento-de-estudantes-ingressantes-e-inicio-do-semestre-2026-1\/\">Leia Mais&#8230;<\/a><\/p>\n","protected":false},"author":8,"featured_media":12518,"comment_status":"closed","ping_status":"closed","sticky":false,"template":"","format":"standard","meta":{"footnotes":""},"categories":[3,11],"tags":[],"class_list":["post-12515","post","type-post","status-publish","format-standard","has-post-thumbnail","hentry","category-noticias","category-noticias-destaque-img"],"jetpack_featured_media_url":"https:\/\/centros.uepb.edu.br\/ccbsa\/files\/2026\/04\/WhatsApp-Image-2026-04-29-at-10.55.48.jpeg","_links":{"self":[{"href":"https:\/\/centros.uepb.edu.br\/ccbsa\/wp-json\/wp\/v2\/posts\/12515","targetHints":{"allow":["GET"]}}],"collection":[{"href":"https:\/\/centros.uepb.edu.br\/ccbsa\/wp-json\/wp\/v2\/posts"}],"about":[{"href":"https:\/\/centros.uepb.edu.br\/ccbsa\/wp-json\/wp\/v2\/types\/post"}],"author":[{"embeddable":true,"href":"https:\/\/centros.uepb.edu.br\/ccbsa\/wp-json\/wp\/v2\/users\/8"}],"replies":[{"embeddable":true,"href":"https:\/\/centros.uepb.edu.br\/ccbsa\/wp-json\/wp\/v2\/comments?post=12515"}],"version-history":[{"count":4,"href":"https:\/\/centros.uepb.edu.br\/ccbsa\/wp-json\/wp\/v2\/posts\/12515\/revisions"}],"predecessor-version":[{"id":12531,"href":"https:\/\/centros.uepb.edu.br\/ccbsa\/wp-json\/wp\/v2\/posts\/12515\/revisions\/12531"}],"wp:featuredmedia":[{"embeddable":true,"href":"https:\/\/centros.uepb.edu.br\/ccbsa\/wp-json\/wp\/v2\/media\/12518"}],"wp:attachment":[{"href":"https:\/\/centros.uepb.edu.br\/ccbsa\/wp-json\/wp\/v2\/media?parent=12515"}],"wp:term":[{"taxonomy":"category","embeddable":true,"href":"https:\/\/centros.uepb.edu.br\/ccbsa\/wp-json\/wp\/v2\/categories?post=12515"},{"taxonomy":"post_tag","embeddable":true,"href":"https:\/\/centros.uepb.edu.br\/ccbsa\/wp-json\/wp\/v2\/tags?post=12515"}],"curies":[{"name":"wp","href":"https:\/\/api.w.org\/{rel}","templated":true}]}}