{"id":1251,"date":"2013-11-25T20:41:21","date_gmt":"2013-11-25T20:41:21","guid":{"rendered":"\/ccbsa\/?p=1251"},"modified":"2013-11-25T20:41:21","modified_gmt":"2013-11-25T20:41:21","slug":"2a-jornada-arquivistica-sera-realizada-nesta-terca-feira-com-debates-sobre-os-acervos-fotograficos","status":"publish","type":"post","link":"https:\/\/centros.uepb.edu.br\/ccbsa\/2a-jornada-arquivistica-sera-realizada-nesta-terca-feira-com-debates-sobre-os-acervos-fotograficos\/","title":{"rendered":"2\u00aa Jornada Arquiv\u00edstica ser\u00e1 realizada nesta ter\u00e7a-feira com debates sobre os acervos fotogr\u00e1ficos"},"content":{"rendered":"<p><a href=\"http:\/\/centros.ascom.uepb.edu.br\/ccbsa\/files\/2013\/11\/1465372_602245166502339_1908352799_n.jpg\"><img loading=\"lazy\" decoding=\"async\" class=\"alignleft size-thumbnail wp-image-1252 img-responsive\" alt=\"1465372_602245166502339_1908352799_n\" src=\"http:\/\/centros.ascom.uepb.edu.br\/ccbsa\/files\/2013\/11\/1465372_602245166502339_1908352799_n-150x150.jpg\" width=\"150\" height=\"150\" \/><\/a>\u201cRevelando e Desvelando os Acervos Fotogr\u00e1ficos\u201d, essa \u00e9 a tem\u00e1tica da 2\u00aa Jornada Arquiv\u00edstica e seus Acervos Raros (JACRO), que ocorre nesta ter\u00e7a-feira, 26 de novembro, \u00e0s 19h, no audit\u00f3rio do Campus V da Universidade Estadual da Para\u00edba.<\/p>\n<p>Organizado pela turma do 8\u00aa per\u00edodo do curso de Arquivologia do turno da noite, vinculados ao componente curricular Fontes de Informa\u00e7\u00e3o, sob a supervis\u00e3o da professora Manuela Maia, o evento visa aprofundar discuss\u00f5es sobre tem\u00e1ticas ligadas \u00e0 \u00e1rea de Arquivologia, com a participa\u00e7\u00e3o de pesquisadores de destaque em cada segmento.<\/p>\n<p>A primeira edi\u00e7\u00e3o do evento, realizada em 2012, tratou das pr\u00e1ticas arquiv\u00edsticas em acervo de cordel, e, na oportunidade, participaram do evento diversos poetas e cordelistas de renome na Para\u00edba.<\/p>\n<p>Neste ano, o evento discute o acervo fotogr\u00e1fico por meio da apresenta\u00e7\u00e3o \u201cFotografia e resgate de um povo\u201d, tema a ser discutido pelo fot\u00f3grafo italiano que atua como documentarista, dando visibilidade \u00e0 popula\u00e7\u00e3o negra das comunidades quilombolas da Para\u00edba e que \u00e9 autor do projeto Fot\u00f3grafos de Rua, em que ministra aulas de fotografia para adolescentes de comunidades carentes, Alberto Banal; \u201cFotografia e mem\u00f3ria cultural: identifica\u00e7\u00e3o e descri\u00e7\u00e3o de cole\u00e7\u00f5es fotogr\u00e1ficas \u2013 propostas e resultados\u201d, a ser ministrado pela coordenadora do curso de Arquivologia que possui uma larga experi\u00eancia de pesquisa e extens\u00e3o na \u00e1rea de fotografia e mem\u00f3ria cultural, professora Maria Jos\u00e9 Cordeiro Lima.<\/p>\n<p>E ainda \u201cConserva\u00e7\u00e3o e preserva\u00e7\u00e3o em fotografias: limites e possibilidades da pr\u00e1tica arquiv\u00edstica\u201d, tendo como ministrante o especialista em Patrim\u00f4nio Documental, Bibliogr\u00e1fico e Art\u00edstico, coordenador do Laborat\u00f3rio de Conserva\u00e7\u00e3o, Encaderna\u00e7\u00e3o e Restaura\u00e7\u00e3o do Departamento de Antropologia e Museologia da UFPE e professor da \u00e1rea Pol\u00edtica de Preserva\u00e7\u00e3o e Conserva\u00e7\u00e3o de Acervos Documentais da UEPB, Eutr\u00f3pio Bezerra.<\/p>\n<p>As inscri\u00e7\u00f5es s\u00e3o feitas no local do evento, antes do in\u00edcio das atividades, e ser\u00e1 concedido um certificado de participa\u00e7\u00e3o.<\/p>\n","protected":false},"excerpt":{"rendered":"<p>\u201cRevelando e Desvelando os Acervos Fotogr\u00e1ficos\u201d, essa \u00e9 a tem\u00e1tica da 2\u00aa Jornada Arquiv\u00edstica e seus Acervos Raros (JACRO), que ocorre nesta ter\u00e7a-feira, 26 de novembro, \u00e0s 19h, no audit\u00f3rio do Campus V da Universidade Estadual da Para\u00edba. Organizado pela turma do 8\u00aa per\u00edodo do curso de Arquivologia do turno da noite, vinculados ao componente <a class=\"leiamais\" href=\"https:\/\/centros.uepb.edu.br\/ccbsa\/2a-jornada-arquivistica-sera-realizada-nesta-terca-feira-com-debates-sobre-os-acervos-fotograficos\/\">Leia Mais&#8230;<\/a><\/p>\n","protected":false},"author":8,"featured_media":0,"comment_status":"open","ping_status":"open","sticky":false,"template":"","format":"standard","meta":{"footnotes":""},"categories":[3,5],"tags":[],"class_list":["post-1251","post","type-post","status-publish","format-standard","hentry","category-noticias","category-visiveis"],"jetpack_featured_media_url":"","_links":{"self":[{"href":"https:\/\/centros.uepb.edu.br\/ccbsa\/wp-json\/wp\/v2\/posts\/1251","targetHints":{"allow":["GET"]}}],"collection":[{"href":"https:\/\/centros.uepb.edu.br\/ccbsa\/wp-json\/wp\/v2\/posts"}],"about":[{"href":"https:\/\/centros.uepb.edu.br\/ccbsa\/wp-json\/wp\/v2\/types\/post"}],"author":[{"embeddable":true,"href":"https:\/\/centros.uepb.edu.br\/ccbsa\/wp-json\/wp\/v2\/users\/8"}],"replies":[{"embeddable":true,"href":"https:\/\/centros.uepb.edu.br\/ccbsa\/wp-json\/wp\/v2\/comments?post=1251"}],"version-history":[{"count":0,"href":"https:\/\/centros.uepb.edu.br\/ccbsa\/wp-json\/wp\/v2\/posts\/1251\/revisions"}],"wp:attachment":[{"href":"https:\/\/centros.uepb.edu.br\/ccbsa\/wp-json\/wp\/v2\/media?parent=1251"}],"wp:term":[{"taxonomy":"category","embeddable":true,"href":"https:\/\/centros.uepb.edu.br\/ccbsa\/wp-json\/wp\/v2\/categories?post=1251"},{"taxonomy":"post_tag","embeddable":true,"href":"https:\/\/centros.uepb.edu.br\/ccbsa\/wp-json\/wp\/v2\/tags?post=1251"}],"curies":[{"name":"wp","href":"https:\/\/api.w.org\/{rel}","templated":true}]}}