{"id":12509,"date":"2026-04-24T17:06:39","date_gmt":"2026-04-24T17:06:39","guid":{"rendered":"https:\/\/centros.uepb.edu.br\/ccbsa\/?p=12509"},"modified":"2026-04-24T21:10:10","modified_gmt":"2026-04-24T21:10:10","slug":"pesquisa-de-mestranda-do-ppgdarq-conquista-reconhecimento-nacional-no-portal-de-boas-praticas-do-cnj-2","status":"publish","type":"post","link":"https:\/\/centros.uepb.edu.br\/ccbsa\/pesquisa-de-mestranda-do-ppgdarq-conquista-reconhecimento-nacional-no-portal-de-boas-praticas-do-cnj-2\/","title":{"rendered":"Pesquisa de mestranda do PPGDARQ conquista reconhecimento nacional no Portal de Boas Pr\u00e1ticas do CNJ"},"content":{"rendered":"<p data-start=\"0\" data-end=\"577\"><a href=\"https:\/\/centros.uepb.edu.br\/ccbsa\/files\/2026\/04\/WhatsApp-Image-2026-04-24-at-13.20.30.jpeg\"><img loading=\"lazy\" decoding=\"async\" class=\"aligncenter size-full wp-image-12504 img-responsive\" src=\"https:\/\/centros.uepb.edu.br\/ccbsa\/files\/2026\/04\/WhatsApp-Image-2026-04-24-at-13.20.30.jpeg\" alt=\"\" width=\"1170\" height=\"591\" srcset=\"https:\/\/centros.uepb.edu.br\/ccbsa\/files\/2026\/04\/WhatsApp-Image-2026-04-24-at-13.20.30.jpeg 1170w, https:\/\/centros.uepb.edu.br\/ccbsa\/files\/2026\/04\/WhatsApp-Image-2026-04-24-at-13.20.30-300x152.jpeg 300w, https:\/\/centros.uepb.edu.br\/ccbsa\/files\/2026\/04\/WhatsApp-Image-2026-04-24-at-13.20.30-1120x566.jpeg 1120w\" sizes=\"auto, (max-width: 1170px) 100vw, 1170px\" \/><\/a><\/p>\n<p data-start=\"0\" data-end=\"577\">O Programa de P\u00f3s-Gradua\u00e7\u00e3o em Gest\u00e3o de Documentos e Governan\u00e7a Arquiv\u00edstica (PPGDARQ) da\u00a0<span class=\"hover:entity-accent entity-underline inline cursor-pointer align-baseline\"><span class=\"whitespace-normal\">Universidade Estadual da Para\u00edba em parceria com a Universidade Federal da Para\u00edba (UFPB),<\/span><\/span>\u00a0alcan\u00e7ou recentemente proje\u00e7\u00e3o nacional com a inclus\u00e3o de uma de suas pesquisas no Portal de Boas Pr\u00e1ticas do\u00a0<span class=\"hover:entity-accent entity-underline inline cursor-pointer align-baseline\"><span class=\"whitespace-normal\">Conselho Nacional de Justi\u00e7a, ap\u00f3s sele\u00e7\u00e3o nacional<\/span><\/span>. O trabalho \u201cOrigens do TRE-PB: recomposi\u00e7\u00e3o, cidadania e legado de um acervo invisibilizado (1932-1937)\u201d, desenvolvido pela discente Gabriela Garcia Londres, que tamb\u00e9m \u00e9 arquivista da se\u00e7\u00e3o de documenta\u00e7\u00e3o do TRE, e que conta com a colabora\u00e7\u00e3o do historiador Renato C\u00e9sar Carneiro, da\u00a0<span class=\"hover:entity-accent entity-underline inline cursor-pointer align-baseline\"><span class=\"whitespace-normal\">Universidade Federal da Para\u00edba<\/span><\/span>, e apoio da Funda\u00e7\u00e3o de Apoio \u00e0 Pesquisa do Estado da Para\u00edba (FAPESQ), recebe o reconhecimento nacional como uma boa pr\u00e1tica a ser seguida para os demais \u00f3rg\u00e3os do poder judici\u00e1rio.<\/p>\n<p data-start=\"0\" data-end=\"577\">Orientada pela professora\u00a0<span class=\"hover:entity-accent entity-underline inline cursor-pointer align-baseline\"><span class=\"whitespace-normal\">Eliete Correia dos Santos<\/span><\/span>, a pesquisa, que se encontra em fase final e tem como foco as a\u00e7\u00f5es educativas em arquivos, dedica-se \u00e0 reconstru\u00e7\u00e3o dos registros eleitorais do per\u00edodo de 1932 a 1937, cujo acervo original foi praticamente perdido ao longo do s\u00e9culo XX em decorr\u00eancia de descontinuidades institucionais. De acordo com a Gabriela Garcia, para superar essa lacuna documental, o trabalho adota uma metodologia arquiv\u00edstica inovadora, utilizando a imprensa oficial da \u00e9poca \u2014 especialmente o jornal\u00a0<em data-start=\"1101\" data-end=\"1110\">A Uni\u00e3o<\/em>\u00a0\u2014 como fonte substitutiva, aliando t\u00e9cnicas de transcri\u00e7\u00e3o paleogr\u00e1fica, an\u00e1lise diplom\u00e1tica e valida\u00e7\u00e3o documental.<\/p>\n<p>A professora Eliete Correia dos Santos destacou que o reconhecimento nacional do Projeto Origens do TRE-PB reflete o compromisso do Programa com a excel\u00eancia em pesquisa, a preserva\u00e7\u00e3o documental e a inova\u00e7\u00e3o, al\u00e9m de evidenciar a articula\u00e7\u00e3o entre universidade e institui\u00e7\u00f5es p\u00fablicas. Segundo ela, a iniciativa reafirma o papel estrat\u00e9gico da gest\u00e3o documental para a cidadania, a transpar\u00eancia e o acesso \u00e0 informa\u00e7\u00e3o.<\/p>\n<p>\u201cEsse reconhecimento fortalece a miss\u00e3o do PPGDARQ de formar pesquisadores comprometidos com a transforma\u00e7\u00e3o social e com a preserva\u00e7\u00e3o do patrim\u00f4nio documental, ao mesmo tempo em que projeta nacionalmente a qualidade das pesquisas desenvolvidas no \u00e2mbito do Programa. A aprova\u00e7\u00e3o e publica\u00e7\u00e3o no Portal CNJ de Boas Pr\u00e1ticas, somadas \u00e0s distin\u00e7\u00f5es anteriores e ao Pr\u00eamio de Inova\u00e7\u00e3o Eleitoral, evidenciam n\u00e3o apenas a consist\u00eancia do projeto, mas tamb\u00e9m a capacidade de articula\u00e7\u00e3o entre universidade e institui\u00e7\u00f5es p\u00fablicas\u201d, avalia a coordenadora.<\/p>\n<p data-start=\"1229\" data-end=\"1759\"><strong>O Projeto Origens\u00a0<\/strong><\/p>\n<p data-start=\"1229\" data-end=\"1759\">Reconhecido nacionalmente com a publica\u00e7\u00e3o no Portal de Boas Pr\u00e1ticas do CNJ em 2026, ap\u00f3s processo seletivo de abrang\u00eancia nacional, o Projeto Origens j\u00e1 havia sido certificado em 2022, demonstrando sua continuidade e consolida\u00e7\u00e3o, e tamb\u00e9m recebeu o Pr\u00eamio de Inova\u00e7\u00e3o Eleitoral do\u00a0<span class=\"hover:entity-accent entity-underline inline cursor-pointer align-baseline\"><span class=\"whitespace-normal\">Tribunal Superior Eleitoral<\/span><\/span>\u00a0em 2024.<\/p>\n<p data-start=\"1761\" data-end=\"2301\">Entre os resultados concretos da iniciativa, destacam-se a cria\u00e7\u00e3o do Museu Eleitoral no hist\u00f3rico Casar\u00e3o dos Azulejos, a reconstitui\u00e7\u00e3o dos quatro Livros de Actas (1932\u20131937) e a realiza\u00e7\u00e3o de exposi\u00e7\u00f5es virtual e itinerante, ampliando o acesso p\u00fablico \u00e0 mem\u00f3ria institucional. O projeto tamb\u00e9m promoveu a\u00e7\u00f5es de extens\u00e3o, como palestras e atividades durante a Semana Nacional de Arquivos, em parceria com a Associa\u00e7\u00e3o dos Arquivistas da Para\u00edba, al\u00e9m da disponibiliza\u00e7\u00e3o do acervo em ambiente digital por meio da plataforma AtoM\/RDC-Arq.<\/p>\n<p data-start=\"2303\" data-end=\"2555\">A produ\u00e7\u00e3o de conte\u00fados de difus\u00e3o cient\u00edfica e educativa em plataformas digitais, como YouTube e Instagram, tem fortalecido a comunica\u00e7\u00e3o p\u00fablica dos arquivos e ampliado o alcance social da iniciativa, aproximando a sociedade do patrim\u00f4nio documental.<\/p>\n<p data-start=\"2557\" data-end=\"3062\" data-is-last-node=\"\" data-is-only-node=\"\">Alinhado ao Objetivo de Desenvolvimento Sustent\u00e1vel 16 (Paz, Justi\u00e7a e Institui\u00e7\u00f5es Eficazes), o Projeto Origens refor\u00e7a o papel dos arquivos como instrumentos estrat\u00e9gicos para a promo\u00e7\u00e3o da transpar\u00eancia, do acesso \u00e0 informa\u00e7\u00e3o e do fortalecimento das institui\u00e7\u00f5es democr\u00e1ticas. O reconhecimento no Portal de Boas Pr\u00e1ticas do CNJ reafirma, ainda, a relev\u00e2ncia das pesquisas desenvolvidas no PPGDARQ\/UEPB e o papel da universidade p\u00fablica na constru\u00e7\u00e3o de solu\u00e7\u00f5es inovadoras e socialmente comprometidas.<\/p>\n<p data-start=\"3322\" data-end=\"3448\">Mais informa\u00e7\u00f5es sobre a pr\u00e1tica premiada podem ser acessadas no Portal do CNJ:<br data-start=\"3401\" data-end=\"3404\" \/><a class=\"decorated-link\" href=\"https:\/\/boaspraticas.cnj.jus.br\/pratica\/1612\" target=\"_new\" rel=\"noopener\" data-start=\"3404\" data-end=\"3448\">https:\/\/boaspraticas.cnj.jus.br\/pratica\/1612<\/a><\/p>\n","protected":false},"excerpt":{"rendered":"<p>O Programa de P\u00f3s-Gradua\u00e7\u00e3o em Gest\u00e3o de Documentos e Governan\u00e7a Arquiv\u00edstica (PPGDARQ) da\u00a0Universidade Estadual da Para\u00edba em parceria com a Universidade Federal da Para\u00edba (UFPB),\u00a0alcan\u00e7ou recentemente proje\u00e7\u00e3o nacional com a inclus\u00e3o de uma de suas pesquisas no Portal de Boas Pr\u00e1ticas do\u00a0Conselho Nacional de Justi\u00e7a, ap\u00f3s sele\u00e7\u00e3o nacional. O trabalho \u201cOrigens do TRE-PB: recomposi\u00e7\u00e3o, cidadania <a class=\"leiamais\" href=\"https:\/\/centros.uepb.edu.br\/ccbsa\/pesquisa-de-mestranda-do-ppgdarq-conquista-reconhecimento-nacional-no-portal-de-boas-praticas-do-cnj-2\/\">Leia Mais&#8230;<\/a><\/p>\n","protected":false},"author":8,"featured_media":0,"comment_status":"closed","ping_status":"closed","sticky":false,"template":"","format":"standard","meta":{"footnotes":""},"categories":[3,13],"tags":[],"class_list":["post-12509","post","type-post","status-publish","format-standard","hentry","category-noticias","category-noticias-destaque"],"jetpack_featured_media_url":"","_links":{"self":[{"href":"https:\/\/centros.uepb.edu.br\/ccbsa\/wp-json\/wp\/v2\/posts\/12509","targetHints":{"allow":["GET"]}}],"collection":[{"href":"https:\/\/centros.uepb.edu.br\/ccbsa\/wp-json\/wp\/v2\/posts"}],"about":[{"href":"https:\/\/centros.uepb.edu.br\/ccbsa\/wp-json\/wp\/v2\/types\/post"}],"author":[{"embeddable":true,"href":"https:\/\/centros.uepb.edu.br\/ccbsa\/wp-json\/wp\/v2\/users\/8"}],"replies":[{"embeddable":true,"href":"https:\/\/centros.uepb.edu.br\/ccbsa\/wp-json\/wp\/v2\/comments?post=12509"}],"version-history":[{"count":2,"href":"https:\/\/centros.uepb.edu.br\/ccbsa\/wp-json\/wp\/v2\/posts\/12509\/revisions"}],"predecessor-version":[{"id":12512,"href":"https:\/\/centros.uepb.edu.br\/ccbsa\/wp-json\/wp\/v2\/posts\/12509\/revisions\/12512"}],"wp:attachment":[{"href":"https:\/\/centros.uepb.edu.br\/ccbsa\/wp-json\/wp\/v2\/media?parent=12509"}],"wp:term":[{"taxonomy":"category","embeddable":true,"href":"https:\/\/centros.uepb.edu.br\/ccbsa\/wp-json\/wp\/v2\/categories?post=12509"},{"taxonomy":"post_tag","embeddable":true,"href":"https:\/\/centros.uepb.edu.br\/ccbsa\/wp-json\/wp\/v2\/tags?post=12509"}],"curies":[{"name":"wp","href":"https:\/\/api.w.org\/{rel}","templated":true}]}}