{"id":12499,"date":"2026-04-24T12:17:20","date_gmt":"2026-04-24T12:17:20","guid":{"rendered":"https:\/\/centros.uepb.edu.br\/ccbsa\/?p=12499"},"modified":"2026-04-24T12:17:20","modified_gmt":"2026-04-24T12:17:20","slug":"direcao-de-centro-e-coordenacoes-de-curso-divulgam-programacao-de-acolhida-a-estudantes-calouros-do-periodo-2026-1","status":"publish","type":"post","link":"https:\/\/centros.uepb.edu.br\/ccbsa\/direcao-de-centro-e-coordenacoes-de-curso-divulgam-programacao-de-acolhida-a-estudantes-calouros-do-periodo-2026-1\/","title":{"rendered":"Dire\u00e7\u00e3o de Centro e coordena\u00e7\u00f5es de curso divulgam programa\u00e7\u00e3o de acolhida a estudantes calouros do per\u00edodo 2026.1"},"content":{"rendered":"<p data-start=\"101\" data-end=\"536\">O Centro de Ci\u00eancias Biol\u00f3gicas e Sociais Aplicadas (CCBSA), do Campus V da Universidade Estadual da Para\u00edba (UEPB), re\u00fane a partir do dia 27 de abril, diversas atividades de in\u00edcio do semestre letivo 2026.1 para os cursos de Arquivologia, Ci\u00eancias Biol\u00f3gicas (Licenciatura e Bacharelado), Direito e Rela\u00e7\u00f5es Internacionais.<\/p>\n<p data-start=\"538\" data-end=\"975\">A abertura da programa\u00e7\u00e3o, promovida pela dire\u00e7\u00e3o de centro e coordena\u00e7\u00f5es de cursos, acontece na segunda-feira, 27 de abril, no Audit\u00f3rio Pioneiros, com uma mesa composta pela dire\u00e7\u00e3o do CCBSA, coordena\u00e7\u00f5es dos cursos, pro-reitorias, biblioteca e Restaurante Universit\u00e1rio. O encontro ser\u00e1 realizado em dois hor\u00e1rios: \u00e0s 9h, contemplando os turnos matutino e integral, e \u00e0s 18h30, voltado para o turno noturno. O momento tem como objetivo apresentar a estrutura do Centro, orientar os estudantes e promover o primeiro contato com a vida universit\u00e1ria.<\/p>\n<p data-start=\"977\" data-end=\"1167\">Al\u00e9m da programa\u00e7\u00e3o geral, cada curso organizou atividades espec\u00edficas para acolher os calouros, promovendo integra\u00e7\u00e3o, forma\u00e7\u00e3o acad\u00eamica e aproxima\u00e7\u00e3o com as \u00e1reas de atua\u00e7\u00e3o profissional.<\/p>\n<p data-start=\"1169\" data-end=\"1606\">O curso de Direito realizar\u00e1 uma s\u00e9rie de oficinas tem\u00e1ticas no Audit\u00f3rio Pioneiros. Na ter\u00e7a-feira, dia 28 de abril, \u00e0s 14h, ser\u00e1 abordado o tema \u201cViol\u00eancia contra as mulheres por parceiro \u00edntimo e as consequ\u00eancias neurofisiol\u00f3gicas\u201d, com a participa\u00e7\u00e3o da professora da UFPb e Unip\u00ea, Ana Carolina Gondim de Albuquerque Oliveira\u00a0 e da professora da Faculdade Tr\u00eas Marias, G\u00e9ssica Almeida de Freitas, sob media\u00e7\u00e3o da professora de Direito do CCBSA, Adriana Torres.<\/p>\n<p data-start=\"1608\" data-end=\"2058\">J\u00e1 na quarta-feira, dia 29 de abril, a programa\u00e7\u00e3o segue com duas discuss\u00f5es relevantes: \u00e0s 9h, \u201cSociedade da Informa\u00e7\u00e3o, Cyberseguran\u00e7a e Marco Jur\u00eddico de Regula\u00e7\u00e3o da Internet\u201d, ministrada pelo Dr. Arnaldo Sobrinho (FESP e Centro de Educa\u00e7\u00e3o da Pol\u00edcia Militar da Para\u00edba), com media\u00e7\u00e3o do professor Bianor Arruda; e \u00e0s 10h, \u201cResponsabilidade civil das plataformas digitais\u201d, com o professor da UEPb, Cl\u00e1udio Lucena, mediado pela professora Izabelle Ramalho.<\/p>\n<p data-start=\"2060\" data-end=\"2577\">O curso de Arquivologia promover\u00e1 sua Aula Magna no dia 28 de abril, \u00e0s 9h (turno diurno), com a professora L\u00facia Guerra, e \u00e0s 19h (turno noturno), com o arquivista Victor Hugo Teixeira. No dia 29 de abril, estudantes podem participar de oficinas pr\u00e1ticas sobre temas como empreendedorismo em Arquivologia, paleografia, conserva\u00e7\u00e3o de acervos, moderniza\u00e7\u00e3o digital com uso de ferramentas como Archivematica e AtoM, al\u00e9m de estrat\u00e9gias para organiza\u00e7\u00e3o de fontes de pesquisa e reflex\u00e3o sobre acervos acad\u00eamicos paraibanos.<\/p>\n<p data-start=\"2579\" data-end=\"2885\">Durante os dias 29 e 30 de abril, os estudantes do primeiro per\u00edodo do curso de Arquivologia tamb\u00e9m participar\u00e3o de visitas guiadas ao Campus V e palestras institucionais sobre as oportunidades oferecidas pela UEPB, como bolsas de extens\u00e3o e pesquisa, programas de perman\u00eancia estudantil e monitoria acad\u00eamica.<\/p>\n<p data-start=\"2579\" data-end=\"2885\">Acesse aqui \u00e0 programa\u00e7\u00e3o detalhada de <a href=\"https:\/\/centros.uepb.edu.br\/ccbsa\/download\/programacao-arquivologia-inicio-do-semestre-2026-1\/\">Arquivologia<\/a> e <a href=\"https:\/\/centros.uepb.edu.br\/ccbsa\/download\/programacao-direito-inicio-do-semestre-2026-1\/\">Direito<\/a>.<\/p>\n","protected":false},"excerpt":{"rendered":"<p>O Centro de Ci\u00eancias Biol\u00f3gicas e Sociais Aplicadas (CCBSA), do Campus V da Universidade Estadual da Para\u00edba (UEPB), re\u00fane a partir do dia 27 de abril, diversas atividades de in\u00edcio do semestre letivo 2026.1 para os cursos de Arquivologia, Ci\u00eancias Biol\u00f3gicas (Licenciatura e Bacharelado), Direito e Rela\u00e7\u00f5es Internacionais. A abertura da programa\u00e7\u00e3o, promovida pela dire\u00e7\u00e3o <a class=\"leiamais\" href=\"https:\/\/centros.uepb.edu.br\/ccbsa\/direcao-de-centro-e-coordenacoes-de-curso-divulgam-programacao-de-acolhida-a-estudantes-calouros-do-periodo-2026-1\/\">Leia Mais&#8230;<\/a><\/p>\n","protected":false},"author":8,"featured_media":11250,"comment_status":"closed","ping_status":"closed","sticky":false,"template":"","format":"standard","meta":{"footnotes":""},"categories":[3,11],"tags":[],"class_list":["post-12499","post","type-post","status-publish","format-standard","has-post-thumbnail","hentry","category-noticias","category-noticias-destaque-img"],"jetpack_featured_media_url":"https:\/\/centros.uepb.edu.br\/ccbsa\/files\/2024\/09\/IMG_4350ok.png","_links":{"self":[{"href":"https:\/\/centros.uepb.edu.br\/ccbsa\/wp-json\/wp\/v2\/posts\/12499","targetHints":{"allow":["GET"]}}],"collection":[{"href":"https:\/\/centros.uepb.edu.br\/ccbsa\/wp-json\/wp\/v2\/posts"}],"about":[{"href":"https:\/\/centros.uepb.edu.br\/ccbsa\/wp-json\/wp\/v2\/types\/post"}],"author":[{"embeddable":true,"href":"https:\/\/centros.uepb.edu.br\/ccbsa\/wp-json\/wp\/v2\/users\/8"}],"replies":[{"embeddable":true,"href":"https:\/\/centros.uepb.edu.br\/ccbsa\/wp-json\/wp\/v2\/comments?post=12499"}],"version-history":[{"count":1,"href":"https:\/\/centros.uepb.edu.br\/ccbsa\/wp-json\/wp\/v2\/posts\/12499\/revisions"}],"predecessor-version":[{"id":12502,"href":"https:\/\/centros.uepb.edu.br\/ccbsa\/wp-json\/wp\/v2\/posts\/12499\/revisions\/12502"}],"wp:featuredmedia":[{"embeddable":true,"href":"https:\/\/centros.uepb.edu.br\/ccbsa\/wp-json\/wp\/v2\/media\/11250"}],"wp:attachment":[{"href":"https:\/\/centros.uepb.edu.br\/ccbsa\/wp-json\/wp\/v2\/media?parent=12499"}],"wp:term":[{"taxonomy":"category","embeddable":true,"href":"https:\/\/centros.uepb.edu.br\/ccbsa\/wp-json\/wp\/v2\/categories?post=12499"},{"taxonomy":"post_tag","embeddable":true,"href":"https:\/\/centros.uepb.edu.br\/ccbsa\/wp-json\/wp\/v2\/tags?post=12499"}],"curies":[{"name":"wp","href":"https:\/\/api.w.org\/{rel}","templated":true}]}}