{"id":12496,"date":"2026-04-23T20:55:55","date_gmt":"2026-04-23T20:55:55","guid":{"rendered":"https:\/\/centros.uepb.edu.br\/ccbsa\/?p=12496"},"modified":"2026-04-23T20:55:55","modified_gmt":"2026-04-23T20:55:55","slug":"coordenacao-de-relacoes-internacionais-e-ceappg-divulgam-resultado-de-selecao-para-estagio-na-sede-da-aladi-em-montevideu","status":"publish","type":"post","link":"https:\/\/centros.uepb.edu.br\/ccbsa\/coordenacao-de-relacoes-internacionais-e-ceappg-divulgam-resultado-de-selecao-para-estagio-na-sede-da-aladi-em-montevideu\/","title":{"rendered":"Coordena\u00e7\u00e3o de Rela\u00e7\u00f5es Internacionais e CEAPPG divulgam resultado de sele\u00e7\u00e3o para est\u00e1gio na sede da ALADI em Montevid\u00e9u"},"content":{"rendered":"<p data-start=\"0\" data-end=\"594\">A Coordena\u00e7\u00e3o do curso de Rela\u00e7\u00f5es Internacionais e o Centro de Estudos Avan\u00e7ados em Pol\u00edticas P\u00fablicas (CEAPPG) da Universidade Estadual da Para\u00edba (UEPB) divulgaram, nesta quinta-feira (23) o <a href=\"https:\/\/centros.uepb.edu.br\/ccbsa\/download\/resultado-da-selecao-aladi-2026\/\">resultado do processo seletivo de est\u00e1gio internacional na Associa\u00e7\u00e3o Latino-Americana de Integra\u00e7\u00e3o (ALADI)<\/a>. A estudante selecionada tem a oportunidade de vivenciar uma experi\u00eancia acad\u00eamica e profissional no exterior, na sede da ALADI, em Montevid\u00e9u, no Uruguai.<\/p>\n<p data-start=\"596\" data-end=\"1160\">O est\u00e1gio ter\u00e1 dura\u00e7\u00e3o de 5 a 6 meses, com in\u00edcio previsto para maio de 2026, e ser\u00e1 desenvolvido no Departamento de Integra\u00e7\u00e3o F\u00edsica e Digital. Durante o per\u00edodo, a estudante selecionada atuar\u00e1 em atividades relacionadas ao Programa de Atividades 2026, envolvendo temas como assinatura digital, com\u00e9rcio eletr\u00f4nico, facilita\u00e7\u00e3o do com\u00e9rcio, log\u00edstica e transporte internacional terrestre, al\u00e9m de desenvolver tarefas como apoio na organiza\u00e7\u00e3o de documenta\u00e7\u00e3o, eventos e reuni\u00f5es, realiza\u00e7\u00e3o de pesquisas hist\u00f3ricas e documentais e produ\u00e7\u00e3o de materiais de apoio.<\/p>\n<p data-start=\"1761\" data-end=\"2189\">A sele\u00e7\u00e3o considerou crit\u00e9rios como a qualidade da carta de inten\u00e7\u00e3o, participa\u00e7\u00e3o em programas acad\u00eamicos (como PIBIC, extens\u00e3o e monitoria), certifica\u00e7\u00e3o em espanhol, envolvimento em entidades estudantis e o desempenho acad\u00eamico, sendo a pontua\u00e7\u00e3o final calculada a partir da soma desses itens com o dobro do CRA.<\/p>\n<p data-start=\"1761\" data-end=\"2189\">Acesse o resultado <a href=\"https:\/\/centros.uepb.edu.br\/ccbsa\/download\/resultado-da-selecao-aladi-2026\/\">aqui<\/a>.<\/p>\n","protected":false},"excerpt":{"rendered":"<p>A Coordena\u00e7\u00e3o do curso de Rela\u00e7\u00f5es Internacionais e o Centro de Estudos Avan\u00e7ados em Pol\u00edticas P\u00fablicas (CEAPPG) da Universidade Estadual da Para\u00edba (UEPB) divulgaram, nesta quinta-feira (23) o resultado do processo seletivo de est\u00e1gio internacional na Associa\u00e7\u00e3o Latino-Americana de Integra\u00e7\u00e3o (ALADI). A estudante selecionada tem a oportunidade de vivenciar uma experi\u00eancia acad\u00eamica e profissional no <a class=\"leiamais\" href=\"https:\/\/centros.uepb.edu.br\/ccbsa\/coordenacao-de-relacoes-internacionais-e-ceappg-divulgam-resultado-de-selecao-para-estagio-na-sede-da-aladi-em-montevideu\/\">Leia Mais&#8230;<\/a><\/p>\n","protected":false},"author":8,"featured_media":0,"comment_status":"closed","ping_status":"closed","sticky":false,"template":"","format":"standard","meta":{"footnotes":""},"categories":[3,13],"tags":[],"class_list":["post-12496","post","type-post","status-publish","format-standard","hentry","category-noticias","category-noticias-destaque"],"jetpack_featured_media_url":"","_links":{"self":[{"href":"https:\/\/centros.uepb.edu.br\/ccbsa\/wp-json\/wp\/v2\/posts\/12496","targetHints":{"allow":["GET"]}}],"collection":[{"href":"https:\/\/centros.uepb.edu.br\/ccbsa\/wp-json\/wp\/v2\/posts"}],"about":[{"href":"https:\/\/centros.uepb.edu.br\/ccbsa\/wp-json\/wp\/v2\/types\/post"}],"author":[{"embeddable":true,"href":"https:\/\/centros.uepb.edu.br\/ccbsa\/wp-json\/wp\/v2\/users\/8"}],"replies":[{"embeddable":true,"href":"https:\/\/centros.uepb.edu.br\/ccbsa\/wp-json\/wp\/v2\/comments?post=12496"}],"version-history":[{"count":1,"href":"https:\/\/centros.uepb.edu.br\/ccbsa\/wp-json\/wp\/v2\/posts\/12496\/revisions"}],"predecessor-version":[{"id":12498,"href":"https:\/\/centros.uepb.edu.br\/ccbsa\/wp-json\/wp\/v2\/posts\/12496\/revisions\/12498"}],"wp:attachment":[{"href":"https:\/\/centros.uepb.edu.br\/ccbsa\/wp-json\/wp\/v2\/media?parent=12496"}],"wp:term":[{"taxonomy":"category","embeddable":true,"href":"https:\/\/centros.uepb.edu.br\/ccbsa\/wp-json\/wp\/v2\/categories?post=12496"},{"taxonomy":"post_tag","embeddable":true,"href":"https:\/\/centros.uepb.edu.br\/ccbsa\/wp-json\/wp\/v2\/tags?post=12496"}],"curies":[{"name":"wp","href":"https:\/\/api.w.org\/{rel}","templated":true}]}}