{"id":12493,"date":"2026-04-23T12:27:45","date_gmt":"2026-04-23T12:27:45","guid":{"rendered":"https:\/\/centros.uepb.edu.br\/ccbsa\/?p=12493"},"modified":"2026-04-23T12:27:45","modified_gmt":"2026-04-23T12:27:45","slug":"programa-de-pos-graduacao-em-saude-da-familia-divulga-edital-de-selecao-de-nova-coordenacao-para-o-bienio-2026-2028","status":"publish","type":"post","link":"https:\/\/centros.uepb.edu.br\/ccbsa\/programa-de-pos-graduacao-em-saude-da-familia-divulga-edital-de-selecao-de-nova-coordenacao-para-o-bienio-2026-2028\/","title":{"rendered":"Programa de P\u00f3s-Gradua\u00e7\u00e3o em Sa\u00fade da Fam\u00edlia divulga edital de sele\u00e7\u00e3o de nova coordena\u00e7\u00e3o para o bi\u00eanio 2026-2028"},"content":{"rendered":"<p>A Universidade Estadual da Para\u00edba (UEPB), por meio do Programa de P\u00f3s-Gradua\u00e7\u00e3o em Sa\u00fade da Fam\u00edlia em Rede Nacional (PROFSA\u00daDE), tornou p\u00fablico o edital para a realiza\u00e7\u00e3o da consulta \u00e0 comunidade acad\u00eamica que ir\u00e1 eleger o(a) novo(a) coordenador(a) do programa para o bi\u00eanio 2026\u20132028.<\/p>\n<p>O processo ser\u00e1 conduzido pela Comiss\u00e3o Eleitoral designada pelo Colegiado do Programa e segue as normas institucionais vigentes da UEPB. A iniciativa tem como objetivo garantir a participa\u00e7\u00e3o democr\u00e1tica de docentes, discentes e t\u00e9cnicos administrativos na escolha da nova coordena\u00e7\u00e3o.<\/p>\n<p>Poder\u00e3o concorrer ao cargo docentes permanentes do PROFSA\u00daDE vinculados \u00e0 UEPB e em pleno exerc\u00edcio de suas atividades. As inscri\u00e7\u00f5es dever\u00e3o ser realizadas exclusivamente por e-mail, no per\u00edodo de\u00a015 de abril a 15 de maio de 2026, at\u00e9 \u00e0s 17h, mediante envio da documenta\u00e7\u00e3o exigida em edital, incluindo requerimento de inscri\u00e7\u00e3o, declara\u00e7\u00f5es obrigat\u00f3rias, curr\u00edculo Lattes e carta-programa.<\/p>\n<p>Ap\u00f3s o per\u00edodo de inscri\u00e7\u00f5es, haver\u00e1 a homologa\u00e7\u00e3o das candidaturas, com possibilidade de recursos, seguida da divulga\u00e7\u00e3o da lista final de candidatos aptos. A campanha eleitoral ocorrer\u00e1 entre\u00a022 e 25 de maio de 2026, respeitando as normas estabelecidas pela Comiss\u00e3o Eleitoral.<\/p>\n<p>A vota\u00e7\u00e3o ser\u00e1 realizada no dia\u00a026 de maio de 2026, das 8h \u00e0s 17h, por meio do sistema eletr\u00f4nico Helios Voting, garantindo sigilo e seguran\u00e7a do voto. Est\u00e3o aptos a votar docentes, discentes regularmente matriculados e t\u00e9cnicos administrativos vinculados ao programa.<\/p>\n<p>O resultado preliminar ser\u00e1 divulgado at\u00e9 o dia 27 de maio, com prazo para interposi\u00e7\u00e3o de recursos at\u00e9 29 de maio. O resultado final est\u00e1 previsto para publica\u00e7\u00e3o at\u00e9\u00a030 de maio de 2026, sendo posteriormente encaminhado para homologa\u00e7\u00e3o pelas inst\u00e2ncias institucionais competentes e nomea\u00e7\u00e3o pela Reitoria.<\/p>\n<p>A Comiss\u00e3o Eleitoral destaca a import\u00e2ncia da participa\u00e7\u00e3o de toda a comunidade acad\u00eamica no processo, refor\u00e7ando o compromisso com a transpar\u00eancia, a legalidade e a democracia institucional.<\/p>\n<p>Mais informa\u00e7\u00f5es: profsaude@setor.uepb.edu.br.<\/p>\n<p>Acesse o <a href=\"https:\/\/centros.uepb.edu.br\/ccbsa\/download\/edital-eleicao-coordenacao-profsaude\/\">edital aqui<\/a>.<\/p>\n","protected":false},"excerpt":{"rendered":"<p>A Universidade Estadual da Para\u00edba (UEPB), por meio do Programa de P\u00f3s-Gradua\u00e7\u00e3o em Sa\u00fade da Fam\u00edlia em Rede Nacional (PROFSA\u00daDE), tornou p\u00fablico o edital para a realiza\u00e7\u00e3o da consulta \u00e0 comunidade acad\u00eamica que ir\u00e1 eleger o(a) novo(a) coordenador(a) do programa para o bi\u00eanio 2026\u20132028. O processo ser\u00e1 conduzido pela Comiss\u00e3o Eleitoral designada pelo Colegiado do <a class=\"leiamais\" href=\"https:\/\/centros.uepb.edu.br\/ccbsa\/programa-de-pos-graduacao-em-saude-da-familia-divulga-edital-de-selecao-de-nova-coordenacao-para-o-bienio-2026-2028\/\">Leia Mais&#8230;<\/a><\/p>\n","protected":false},"author":8,"featured_media":0,"comment_status":"closed","ping_status":"closed","sticky":false,"template":"","format":"standard","meta":{"footnotes":""},"categories":[3,13],"tags":[],"class_list":["post-12493","post","type-post","status-publish","format-standard","hentry","category-noticias","category-noticias-destaque"],"jetpack_featured_media_url":"","_links":{"self":[{"href":"https:\/\/centros.uepb.edu.br\/ccbsa\/wp-json\/wp\/v2\/posts\/12493","targetHints":{"allow":["GET"]}}],"collection":[{"href":"https:\/\/centros.uepb.edu.br\/ccbsa\/wp-json\/wp\/v2\/posts"}],"about":[{"href":"https:\/\/centros.uepb.edu.br\/ccbsa\/wp-json\/wp\/v2\/types\/post"}],"author":[{"embeddable":true,"href":"https:\/\/centros.uepb.edu.br\/ccbsa\/wp-json\/wp\/v2\/users\/8"}],"replies":[{"embeddable":true,"href":"https:\/\/centros.uepb.edu.br\/ccbsa\/wp-json\/wp\/v2\/comments?post=12493"}],"version-history":[{"count":1,"href":"https:\/\/centros.uepb.edu.br\/ccbsa\/wp-json\/wp\/v2\/posts\/12493\/revisions"}],"predecessor-version":[{"id":12495,"href":"https:\/\/centros.uepb.edu.br\/ccbsa\/wp-json\/wp\/v2\/posts\/12493\/revisions\/12495"}],"wp:attachment":[{"href":"https:\/\/centros.uepb.edu.br\/ccbsa\/wp-json\/wp\/v2\/media?parent=12493"}],"wp:term":[{"taxonomy":"category","embeddable":true,"href":"https:\/\/centros.uepb.edu.br\/ccbsa\/wp-json\/wp\/v2\/categories?post=12493"},{"taxonomy":"post_tag","embeddable":true,"href":"https:\/\/centros.uepb.edu.br\/ccbsa\/wp-json\/wp\/v2\/tags?post=12493"}],"curies":[{"name":"wp","href":"https:\/\/api.w.org\/{rel}","templated":true}]}}